{"id":995,"date":"2025-10-03T08:56:29","date_gmt":"2025-10-03T06:56:29","guid":{"rendered":"https:\/\/www.teamsalve.at\/?p=995"},"modified":"2025-10-03T08:58:11","modified_gmt":"2025-10-03T06:58:11","slug":"arbeitszeit-lehrer-in-altes-dienstrecht","status":"publish","type":"post","link":"https:\/\/www.teamsalve.at\/?p=995","title":{"rendered":"Arbeitszeit &#8211; Lehrer\/in\u00a0(altes Dienstrecht)"},"content":{"rendered":"\n<p class=\"wp-block-paragraph\"><a href=\"https:\/\/www.jusline.at\/gesetz\/ldg_1984\/paragraf\/43\" target=\"_blank\" rel=\"noreferrer noopener\">\u00a7 43 LDG<\/a>\u200b<\/p>\n\n\n\n<p class=\"wp-block-paragraph\">Die Jahresnorm entspricht der regelm\u00e4\u00dfigen Dienstzeit eines \u00f6ffentlich Bediensteten mit gleichem Dienstalter. Sie ist eingeteilt in<\/p>\n\n\n\n<p class=\"wp-block-paragraph\">a) 720 bis 792 Jahresstunden f\u00fcr Lehrer an Volks- und Sonderschulen,<br>\u00a0 \u00a0 720 bis 756 Jahresstunden f\u00fcr Lehrer an Mittelschulen, Polytechnischen Schulen und nach dem<br>\u00a0 \u00a0 Lehrplan der Mittelschulen gef\u00fchrten Sonderschulen f\u00fcr die Unterrichtsverpflichtung (T\u00e4tigkeiten im    Kontakt mit  Sch\u00fclerinnen und Sch\u00fclern \u2013 gesetzlich vorgeschriebene Aufsichtspflichten sind ber\u00fccksichtigt),<\/p>\n\n\n\n<p class=\"wp-block-paragraph\">b) 600 bis 660 Jahresstunden f\u00fcr die Vor- und Nachbereitung des Unterrichtes sowie Korrekturarbeiten (5\/6 des Bereiches a),<\/p>\n\n\n\n<p class=\"wp-block-paragraph\">c) Differenzbetrag zwischen der Summe a) und b) und der Jahresnorm.<\/p>\n\n\n\n<p class=\"wp-block-paragraph\">Die Jahresnorm ist unter Bedachtnahme auf die Anzahl der in der jeweiligen Schule gef\u00fchrten Klassen sowie auf die f\u00fcr die jeweilige Schulart im Lehrplan vorgesehene Stundentafel pro Lehrer aufzuteilen (Diensteinteilung).<\/p>\n\n\n\n<p class=\"wp-block-paragraph\">F\u00fcr einen Landeslehrer, dessen 43. Geburtstag nach dem 1. M\u00e4rz des Schuljahres liegt, gilt eine Jahresnorm von 1.776 Jahresstunden (\u00e4lter: 1736 Stunden).<\/p>\n\n\n\n<p class=\"wp-block-paragraph\">Sind w\u00e4hrend des Schuljahres \u00c4nderungen der Diensteinteilung erforderlich, sind diese ebenfalls schriftlich festzulegen. Wird ein vollbesch\u00e4ftigter Landeslehrer nicht w\u00e4hrend des gesamten Unterrichtsjahres verwendet, sind die in Z 1 bis 3 genannten Jahresstunden der Verwendungsdauer entsprechend zu aliquotieren. Bei Lehrern f\u00fcr einzelne Unterrichtsgegenst\u00e4nde gilt ausschlie\u00dflich das in a) und b) genannte H\u00f6chstausma\u00df von 792 bzw. 660 Jahresstunden.<\/p>\n\n\n\n<p class=\"wp-block-paragraph\">\u00dcber-\/Unterschreitung: die in a) und folglich b) festgelegten Ober- und Untergrenzen k\u00f6nnen in besonders ber\u00fccksichtigungsw\u00fcrdigen F\u00e4llen innerhalb der Jahresnorm \u00fcber- oder unterschritten werden.<\/p>\n\n\n\n<p class=\"wp-block-paragraph\">Gr\u00fcnde f\u00fcr Unterschreitung: insbesondere die p\u00e4dagogisch-fachliche Betreuung der f\u00fcr den lehrplanm\u00e4\u00dfigen Unterricht verwendeten Informationstechnologie-Arbeitspl\u00e4tze sowie die Betreuung einer eingerichteten Schulbibliothek oder die besondere Eignung eines Lehrers f\u00fcr die Aus\u00fcbung bestimmter p\u00e4dagogisch-administrativer T\u00e4tigkeiten.<\/p>\n\n\n\n<p class=\"wp-block-paragraph\">Aufteilung des Bereiches C:<\/p>\n\n\n\n<ul class=\"wp-block-list\">\n<li>Erf\u00fcllung sonstiger lehramtlicher Pflichten, die grunds\u00e4tzlich jedem Landeslehrer obliegen &#8211; 100 Jahresstunden<\/li>\n\n\n\n<li>Erf\u00fcllung der Aufgaben eines Klassenvorstandes und f\u00fcr die Klassenf\u00fchrung 66 Jahresstunden (auch bei Teilbesch\u00e4ftigung)<\/li>\n\n\n\n<li>unvorhersehbare Vertretung einer an der Erf\u00fcllung seiner Unterrichtsverpflichtung verhinderten Landeslehrers im Sinne von Beaufsichtigung der Sch\u00fcler &#8211; 20 Jahresstunden<\/li>\n\n\n\n<li>Teilnahme an verpflichtenden Fortbildungsveranstaltungen &#8211; 15 Jahresstunden und<\/li>\n\n\n\n<li>Erf\u00fcllung besonderer T\u00e4tigkeiten des Landeslehrers im Bereich seines Berufsfeldes (insbesondere die Verwaltung einer organisationsm\u00e4\u00dfig vorgesehenen und tats\u00e4chlich bestehenden Sammlung oder eines Kustodiates, die Teilnahme an Schul- oder Klassenforen, die Teilnahme an Schulveranstaltungen) die zur Erreichung der Jahresnorm fehlenden Jahresstunden. Die mit der \u00dcbernahme von p\u00e4dagogischen oder organisatorischen Aufgaben oder von Aufsichtspflichten verbundene Teilnahme eines Lehrers an mehrt\u00e4gigen Schulveranstaltungen z\u00e4hlt dabei je Kalendertag, an dem eine solche Schulveranstaltung stattfindet, bis zum H\u00f6chstausma\u00df von 10 Jahresstunden.<\/li>\n<\/ul>\n\n\n\n<p class=\"wp-block-paragraph\">Erforderlichenfalls ist auch Unterricht in den Unterrichtsgegenst\u00e4nden zu erteilen, f\u00fcr die man nicht lehrbef\u00e4higt ist, ferner Vertretungsstunden zu \u00fcbernehmen und Freigegenst\u00e4nde, unverbindliche \u00dcbungen und F\u00f6rderunterricht zu halten.<\/p>\n\n\n\n<p class=\"wp-block-paragraph\">Ganzt\u00e4gige Schulformen:<\/p>\n\n\n\n<p class=\"wp-block-paragraph\">1 Stunde der gegenstandsbezogenen Lernzeit = 1 Stunde der Unterrichtsverpflichtung;<\/p>\n\n\n\n<p class=\"wp-block-paragraph\">1 Stunde der individuellen Lernzeit = 1\/2 Stunde der Unterrichtsverpflichtung. Die individuelle Lernzeit darf einem Landeslehrer nur mit dessen Zustimmung \u00fcbertragen werden.<\/p>\n\n\n\n<p class=\"wp-block-paragraph\">Besch\u00e4ftigung von Landeslehrern im Freizeitbereich: nur mit Zustimmung des Lehrers zul\u00e4ssig und kann in die Jahresnorm eingerechnet werden. Gleiches gilt f\u00fcr den Fall, in dem ein Lehrer als Leiter des Betreuungsteiles besch\u00e4ftigt wird.<\/p>\n\n\n\n<p class=\"wp-block-paragraph\">In Klassen an allgemein bildenden Pflichtschulen, in denen Kinder mit sonderp\u00e4dagogischem F\u00f6rderbedarf (spF) unterrichtet werden, d\u00fcrfen Lehrer, die keine Lehrbef\u00e4higung f\u00fcr Sonderschulen oder zus\u00e4tzliche Ausbildung f\u00fcr den Unterricht in solchen Klassen besitzen, nur mit Zustimmung zus\u00e4tzlich eingesetzt werden. Ist f\u00fcr eine Volksschulklasse, in der Kinder mit spF unterrichtet werden, kein zus\u00e4tzlicher Lehrer oder nur mit einem Teil der ihm obliegenden Unterrichtsverpflichtung vorgesehen, so bedarf auch die Verwendung als Klassenlehrer der Zustimmung des Lehrers, wenn dieser keine Lehrbef\u00e4higung f\u00fcr Sonderschulen oder zus\u00e4tzliche Ausbildung f\u00fcr den Unterricht in Volksschulklassen, in denen Kinder mit spF unterrichtet werden, besitzt.<\/p>\n","protected":false},"excerpt":{"rendered":"<p>\u00a7 43 LDG\u200b Die Jahresnorm entspricht der regelm\u00e4\u00dfigen Dienstzeit eines \u00f6ffentlich Bediensteten mit gleichem Dienstalter. Sie ist eingeteilt in a) 720 bis 792 Jahresstunden f\u00fcr Lehrer an Volks- und Sonderschulen,\u00a0 &hellip; <\/p>\n","protected":false},"author":5,"featured_media":0,"comment_status":"closed","ping_status":"closed","sticky":false,"template":"","format":"standard","meta":{"footnotes":""},"categories":[13],"tags":[],"class_list":["post-995","post","type-post","status-publish","format-standard","hentry","category-dienstrechts-abc"],"_links":{"self":[{"href":"https:\/\/www.teamsalve.at\/index.php?rest_route=\/wp\/v2\/posts\/995","targetHints":{"allow":["GET"]}}],"collection":[{"href":"https:\/\/www.teamsalve.at\/index.php?rest_route=\/wp\/v2\/posts"}],"about":[{"href":"https:\/\/www.teamsalve.at\/index.php?rest_route=\/wp\/v2\/types\/post"}],"author":[{"embeddable":true,"href":"https:\/\/www.teamsalve.at\/index.php?rest_route=\/wp\/v2\/users\/5"}],"replies":[{"embeddable":true,"href":"https:\/\/www.teamsalve.at\/index.php?rest_route=%2Fwp%2Fv2%2Fcomments&post=995"}],"version-history":[{"count":2,"href":"https:\/\/www.teamsalve.at\/index.php?rest_route=\/wp\/v2\/posts\/995\/revisions"}],"predecessor-version":[{"id":998,"href":"https:\/\/www.teamsalve.at\/index.php?rest_route=\/wp\/v2\/posts\/995\/revisions\/998"}],"wp:attachment":[{"href":"https:\/\/www.teamsalve.at\/index.php?rest_route=%2Fwp%2Fv2%2Fmedia&parent=995"}],"wp:term":[{"taxonomy":"category","embeddable":true,"href":"https:\/\/www.teamsalve.at\/index.php?rest_route=%2Fwp%2Fv2%2Fcategories&post=995"},{"taxonomy":"post_tag","embeddable":true,"href":"https:\/\/www.teamsalve.at\/index.php?rest_route=%2Fwp%2Fv2%2Ftags&post=995"}],"curies":[{"name":"wp","href":"https:\/\/api.w.org\/{rel}","templated":true}]}}