{"id":3947,"date":"2026-07-09T17:24:53","date_gmt":"2026-07-09T15:24:53","guid":{"rendered":"https:\/\/www.teamsalve.at\/?p=3947"},"modified":"2026-07-09T17:24:54","modified_gmt":"2026-07-09T15:24:54","slug":"team-salve-pfg-newsletter-nr-41-vom-09-07-2026","status":"publish","type":"post","link":"https:\/\/www.teamsalve.at\/?p=3947","title":{"rendered":"Team SALVE-PFG Newsletter Nr. 41 vom 09.07.2026"},"content":{"rendered":"\n<figure class=\"wp-block-image size-full is-resized\"><img loading=\"lazy\" decoding=\"async\" width=\"800\" height=\"489\" src=\"https:\/\/www.teamsalve.at\/wp-content\/uploads\/2026\/07\/2024-09-14_Bild-oben-Schirme_klein.jpg\" alt=\"\" class=\"wp-image-3957\" style=\"aspect-ratio:1.6359994212573794;width:718px;height:auto\" srcset=\"https:\/\/www.teamsalve.at\/wp-content\/uploads\/2026\/07\/2024-09-14_Bild-oben-Schirme_klein.jpg 800w, https:\/\/www.teamsalve.at\/wp-content\/uploads\/2026\/07\/2024-09-14_Bild-oben-Schirme_klein-300x183.jpg 300w, https:\/\/www.teamsalve.at\/wp-content\/uploads\/2026\/07\/2024-09-14_Bild-oben-Schirme_klein-768x469.jpg 768w\" sizes=\"auto, (max-width: 800px) 100vw, 800px\" \/><\/figure>\n\n\n\n<h1 class=\"wp-block-heading has-text-color has-link-color wp-elements-1\" style=\"color:#44488c\">Wir w\u00fcnschen sch\u00f6ne Sommerferien!<\/h1>\n\n\n\n<p class=\"has-text-color has-link-color wp-elements-2 wp-block-paragraph\" style=\"color:#44488c\">Das Team SALVE-PFG w\u00fcnscht euch eine angenehme Sommerzeit, erholsame Ferien und viele sch\u00f6ne Momente abseits des Schulalltags. Genie\u00dft die freien Tage, lasst die Seele baumeln, sammelt neue Energie und g\u00f6nnt euch viele fr\u00f6hliche, unbeschwerte Augenblicke mit Familie und Freunden. F\u00fcr das kommende Schuljahr w\u00fcnschen wir alles Gute, viel Kraft, Gesundheit und weiterhin viel Freude und Erfolg bei eurer wertvollen Arbeit mit den Sch\u00fclerinnen und Sch\u00fclern.<\/p>\n\n\n\n<hr class=\"wp-block-separator has-text-color has-alpha-channel-opacity has-background is-style-wide\" style=\"background-color:#2f41c8;color:#2f41c8\"\/>\n\n\n\n<blockquote class=\"wp-block-quote is-layout-flow wp-block-quote-is-layout-flow\">\n<p class=\"wp-block-paragraph\">Information aus der Personalvertretung<\/p>\n<\/blockquote>\n\n\n\n<h4 class=\"wp-block-heading\"><strong>Beratungslehrpersonen<\/strong><\/h4>\n\n\n\n<p class=\"wp-block-paragraph\"><strong>Entgegen den Aussagen der Bildungsdirektion bei der Dienstbesprechung am 18.06.2026 in Anif wurden die Einteilungen der Beratungslehrpersonen f\u00fcr das kommende Schuljahr der Personalvertretung nicht vorab \u00fcbermittelt.<\/strong> <br>Wir lehnen es ab, als S\u00fcndenbock f\u00fcr die unzureichende Planungsarbeit der Bildungsdirektion herhalten zu m\u00fcssen.<br><br>Die Listen mit den Einteilungen erreichten das ZA Postfach erst am Montag, dem 06.07.2026, um 15:06 Uhr: <strong>Von: XX<br> Gesendet: Montag, 6. Juli 2026 15:06<br> An: za-pflichtschule &lt;<a href=\"mailto:za-pflichtschule@bildung-sbg.gv.at\">za-pflichtschule@bildung-sbg.gv.at<\/a>&gt;<br> Cc: XX<br> Betreff: Entw\u00fcrfe zu den beabsichtigten Einteilungen der Beratungslehrpersonen<\/strong><\/p>\n\n\n\n<p class=\"wp-block-paragraph\">Da uns t\u00e4glich Antrufe von besorgten Beratungslehrpersonen erreichen, haben wir diesen Antrag an die Bildungsdirektion gesendet:<\/p>\n\n\n\n<div data-wp-interactive=\"core\/file\" class=\"wp-block-file\"><object data-wp-bind--hidden=\"!state.hasPdfPreview\" hidden class=\"wp-block-file__embed\" data=\"https:\/\/www.teamsalve.at\/wp-content\/uploads\/2026\/07\/2026-07-07-an-Bildungsdirektion-zu-Entwuerfe-zu-den-beabsichtigten-Einteilungen-der-Beratungslehrpersonen.pdf\" type=\"application\/pdf\" style=\"width:100%;height:600px\" aria-label=\"Einbettung von 2026-07-07 an Bildungsdirektion zu Entw\u00fcrfe zu den beabsichtigten Einteilungen der Beratungslehrpersonen.\"><\/object><a id=\"wp-block-file--media-11a79fcb-c5d1-48e2-b639-269b5857f2ce\" href=\"https:\/\/www.teamsalve.at\/wp-content\/uploads\/2026\/07\/2026-07-07-an-Bildungsdirektion-zu-Entwuerfe-zu-den-beabsichtigten-Einteilungen-der-Beratungslehrpersonen.pdf\">2026-07-07 an Bildungsdirektion zu Entw\u00fcrfe zu den beabsichtigten Einteilungen der Beratungslehrpersonen<\/a><a href=\"https:\/\/www.teamsalve.at\/wp-content\/uploads\/2026\/07\/2026-07-07-an-Bildungsdirektion-zu-Entwuerfe-zu-den-beabsichtigten-Einteilungen-der-Beratungslehrpersonen.pdf\" class=\"wp-block-file__button wp-element-button\" download aria-describedby=\"wp-block-file--media-11a79fcb-c5d1-48e2-b639-269b5857f2ce\">Herunterladen<\/a><\/div>\n\n\n\n<hr class=\"wp-block-separator has-text-color has-luminous-vivid-amber-color has-alpha-channel-opacity has-luminous-vivid-amber-background-color has-background is-style-wide\"\/>\n\n\n\n<h4 class=\"wp-block-heading\">Wann beginnen die Sommerferien im neuen Dienstrecht (PD Schema)?<\/h4>\n\n\n\n<p class=\"wp-block-paragraph\">F\u00fcr Lehrpersonen im neuen Dienstrecht beginnen die Sommerferien, sobald die <strong>sie betreffenden Schlussgesch\u00e4fte<\/strong> erledigt sind. Dabei handelt es sich um T\u00e4tigkeiten, f\u00fcr die die Lehrperson im laufenden Schuljahr verantwortlich war und die zum Schuljahresende abgeschlossen werden m\u00fcssen. Neue oder erst f\u00fcr das kommende Schuljahr anfallende Aufgaben z\u00e4hlen nicht zu den Schlussgesch\u00e4ften.<\/p>\n\n\n\n<p class=\"wp-block-paragraph\">Beispiele f\u00fcr Schlussgesch\u00e4fte sind der Abschluss der Klassenb\u00fccher, die R\u00fcckgabe bzw. Inventarisierung von Unterrichtsmitteln sowie die \u00dcbergabe von Klassen- oder Fachunterlagen an die Schulleitung.<\/p>\n\n\n\n<p class=\"wp-block-paragraph\"><strong>Eine generelle Anwesenheit ist nicht vorgesehen!<\/strong><br><\/p>\n\n\n\n<div data-wp-interactive=\"core\/file\" class=\"wp-block-file\"><object data-wp-bind--hidden=\"!state.hasPdfPreview\" hidden class=\"wp-block-file__embed\" data=\"https:\/\/www.teamsalve.at\/wp-content\/uploads\/2026\/07\/2026-07-07-TEAM-Info-Ferienregelung-im-PD-Schema-3.pdf\" type=\"application\/pdf\" style=\"width:100%;height:600px\" aria-label=\"Einbettung von 2026-07-07 TEAM-Info Ferienregelung im PD Schema (3).\"><\/object><a id=\"wp-block-file--media-2e73ea34-f5f8-475f-8684-fa9296eb3134\" href=\"https:\/\/www.teamsalve.at\/wp-content\/uploads\/2026\/07\/2026-07-07-TEAM-Info-Ferienregelung-im-PD-Schema-3.pdf\">2026-07-07 TEAM-Info Ferienregelung im PD Schema (3)<\/a><a href=\"https:\/\/www.teamsalve.at\/wp-content\/uploads\/2026\/07\/2026-07-07-TEAM-Info-Ferienregelung-im-PD-Schema-3.pdf\" class=\"wp-block-file__button wp-element-button\" download aria-describedby=\"wp-block-file--media-2e73ea34-f5f8-475f-8684-fa9296eb3134\">Herunterladen<\/a><\/div>\n\n\n\n<hr class=\"wp-block-separator has-text-color has-luminous-vivid-amber-color has-alpha-channel-opacity has-luminous-vivid-amber-background-color has-background is-style-wide\"\/>\n\n\n\n<h4 class=\"wp-block-heading\">PTS Neumarkt \u2013 Standort wird mit Schulbeginn stillgelegt<br><\/h4>\n\n\n\n<p class=\"wp-block-paragraph\">Die Nachricht von der Stilllegung der PTS Neumarkt kam f\u00fcr viele \u00fcberraschend und l\u00f6ste Best\u00fcrzung aus. Mit <a href=\"https:\/\/www.teamsalve.at\/?p=3939\">dieser Presseaussendung<\/a> nehmen wir dazu Stellung.<\/p>\n\n\n\n<hr class=\"wp-block-separator has-text-color has-luminous-vivid-amber-color has-alpha-channel-opacity has-luminous-vivid-amber-background-color has-background is-style-wide\"\/>\n\n\n\n<h4 class=\"wp-block-heading\">SALVE: Gewinne Eis f\u00fcr das ganze Kollegium<\/h4>\n\n\n\n<p class=\"wp-block-paragraph\">Wir freuen uns sehr, zahlreiche neue Mitglieder bei SALVE begr\u00fc\u00dfen zu d\u00fcrfen \u2013 herzlich willkommen! Drei unserer neuen Mitglieder wurden im Rahmen unserer Aktion <strong>\u201eGewinne Eis f\u00fcr dein ganzes Kollegium\u201c<\/strong> aus dem Lostopf gezogen. In den vergangenen Tagen durften wir die Gewinne pers\u00f6nlich \u00fcberbringen und das Eis an die Kolleginnen und Kollegen verteilen.<\/p>\n\n\n\n<figure class=\"wp-block-image size-full\"><img loading=\"lazy\" decoding=\"async\" width=\"800\" height=\"1000\" src=\"https:\/\/www.teamsalve.at\/wp-content\/uploads\/2026\/07\/2026-07_EIs-1.jpg\" alt=\"\" class=\"wp-image-3968\" srcset=\"https:\/\/www.teamsalve.at\/wp-content\/uploads\/2026\/07\/2026-07_EIs-1.jpg 800w, https:\/\/www.teamsalve.at\/wp-content\/uploads\/2026\/07\/2026-07_EIs-1-240x300.jpg 240w, https:\/\/www.teamsalve.at\/wp-content\/uploads\/2026\/07\/2026-07_EIs-1-768x960.jpg 768w\" sizes=\"auto, (max-width: 800px) 100vw, 800px\" \/><figcaption class=\"wp-element-caption\">Fotoquelle: Salve<\/figcaption><\/figure>\n\n\n\n<hr class=\"wp-block-separator has-text-color has-luminous-vivid-amber-color has-alpha-channel-opacity has-luminous-vivid-amber-background-color has-background is-style-wide\"\/>\n\n\n\n<p class=\"wp-block-paragraph\"><strong>SALVE \u2013 der einzige parteifreie <a href=\"https:\/\/1dd2d597-9b8a-4bd1-b6d6-461eb628a94c.filesusr.com\/ugd\/f2475a_e283abe277964976aa8db0f52da859d3.pdf\" target=\"_blank\" rel=\"noreferrer noopener\">Lehrer:innenverein in Salzburg!<\/a><\/strong><br><\/p>\n\n\n\n<figure class=\"wp-block-image size-full\"><img loading=\"lazy\" decoding=\"async\" width=\"1024\" height=\"140\" src=\"https:\/\/www.teamsalve.at\/wp-content\/uploads\/2026\/04\/grafik.png\" alt=\"\" class=\"wp-image-3359\" srcset=\"https:\/\/www.teamsalve.at\/wp-content\/uploads\/2026\/04\/grafik.png 1024w, https:\/\/www.teamsalve.at\/wp-content\/uploads\/2026\/04\/grafik-300x41.png 300w, https:\/\/www.teamsalve.at\/wp-content\/uploads\/2026\/04\/grafik-768x105.png 768w\" sizes=\"auto, (max-width: 1024px) 100vw, 1024px\" \/><\/figure>\n","protected":false},"excerpt":{"rendered":"<p>Wir w\u00fcnschen sch\u00f6ne Sommerferien! Das Team SALVE-PFG w\u00fcnscht euch eine angenehme Sommerzeit, erholsame Ferien und viele sch\u00f6ne Momente abseits des Schulalltags. Genie\u00dft die freien Tage, lasst die Seele baumeln, sammelt &hellip; <\/p>\n","protected":false},"author":2,"featured_media":0,"comment_status":"closed","ping_status":"closed","sticky":false,"template":"","format":"standard","meta":{"footnotes":""},"categories":[37],"tags":[],"class_list":["post-3947","post","type-post","status-publish","format-standard","hentry","category-salve-pfg-newsletter"],"_links":{"self":[{"href":"https:\/\/www.teamsalve.at\/index.php?rest_route=\/wp\/v2\/posts\/3947","targetHints":{"allow":["GET"]}}],"collection":[{"href":"https:\/\/www.teamsalve.at\/index.php?rest_route=\/wp\/v2\/posts"}],"about":[{"href":"https:\/\/www.teamsalve.at\/index.php?rest_route=\/wp\/v2\/types\/post"}],"author":[{"embeddable":true,"href":"https:\/\/www.teamsalve.at\/index.php?rest_route=\/wp\/v2\/users\/2"}],"replies":[{"embeddable":true,"href":"https:\/\/www.teamsalve.at\/index.php?rest_route=%2Fwp%2Fv2%2Fcomments&post=3947"}],"version-history":[{"count":17,"href":"https:\/\/www.teamsalve.at\/index.php?rest_route=\/wp\/v2\/posts\/3947\/revisions"}],"predecessor-version":[{"id":3970,"href":"https:\/\/www.teamsalve.at\/index.php?rest_route=\/wp\/v2\/posts\/3947\/revisions\/3970"}],"wp:attachment":[{"href":"https:\/\/www.teamsalve.at\/index.php?rest_route=%2Fwp%2Fv2%2Fmedia&parent=3947"}],"wp:term":[{"taxonomy":"category","embeddable":true,"href":"https:\/\/www.teamsalve.at\/index.php?rest_route=%2Fwp%2Fv2%2Fcategories&post=3947"},{"taxonomy":"post_tag","embeddable":true,"href":"https:\/\/www.teamsalve.at\/index.php?rest_route=%2Fwp%2Fv2%2Ftags&post=3947"}],"curies":[{"name":"wp","href":"https:\/\/api.w.org\/{rel}","templated":true}]}}