{"id":3939,"date":"2026-07-07T11:15:04","date_gmt":"2026-07-07T09:15:04","guid":{"rendered":"https:\/\/www.teamsalve.at\/?p=3939"},"modified":"2026-07-09T17:30:33","modified_gmt":"2026-07-09T15:30:33","slug":"3939","status":"publish","type":"post","link":"https:\/\/www.teamsalve.at\/?p=3939","title":{"rendered":"SALVE-PFG Presseaussendung: Polytechnischen Schule Neumarkt: Eine Schultrag\u00f6die in mehreren Akten und mit mehreren Beteiligten"},"content":{"rendered":"\n<p class=\"has-medium-font-size wp-block-paragraph\"><\/p>\n\n\n\n<p class=\"wp-block-paragraph\">Sang- und klanglos wird nun mit Schulschluss die n\u00e4chste Polytechnische Schule (PTS) im Flachgau von der Bildungsdirektion geschlossen. Die PTS Walserfeld wurde bereits 2016 \u2013 auf Antrag der Gemeinde Wals-Siezenheim (!) und ohne jede Notwendigkeit \u2013 geschlossen.<br>Die Verantwortlichen in der Bildungsdirektion sprechen freilich nicht von \u201ezusperren\u201c, sondern verwenden den besch\u00f6nigenden Begriff \u201estilllegen\u201c. \u201eDenn, wenn sich wieder gen\u00fcgend Sch\u00fcler f\u00fcr die PTS Neumarkt anmelden, k\u00f6nne diese Schule ja wieder weitergef\u00fchrt werden\u201c, so die Bildungsdirektion sinngem\u00e4\u00df. Alle Beteiligten wissen, dass dies nie mehr passieren wird. Der Schulleiter und seine Kolleginnen und Kollegen wurden bereits anderen Schulen zugeteilt, Direktion bzw. Sekretariat werden Mitte Juli geschlossen und somit sind Anmeldungen in Zukunft unm\u00f6glich. Wo und wie sollen sich auch zuk\u00fcnftige Interessenten anmelden?<\/p>\n\n\n\n<p class=\"wp-block-paragraph\">Der gr\u00f6\u00dfte Schulbezirk \u00d6sterreichs hat somit nur mehr drei (eigenst\u00e4ndige) Polytechnische Schulen (Oberndorf mit vier Klassen, Thalgau mit zwei Klassen, Mattsee mit drei Klassen) und eine an die MS Strobl angeh\u00e4ngte, einklassige PTS.<\/p>\n\n\n\n<p class=\"wp-block-paragraph\"><strong>Bemerkenswert ist die Art und Weise, wie es zur Schlie\u00dfung der PTS Neumarkt kam:<br><\/strong>Jede Polytechnische Schule im Bezirk Salzburg Umgebung k\u00e4mpft mit sinkenden Sch\u00fclerzahlen und steht zudem im Wettbewerb mit Berufsbildenden mittleren und h\u00f6heren Schulen. Zudem haben viele Sch\u00fclerinnen und Sch\u00fcler die Vorschule besucht und ihre neunj\u00e4hrige Schulpflicht mit dem Abschluss der Mittelschule erf\u00fcllt. Die Polytechnischen Schulen im Land haben einen festgelegten Schulsprengel, der aus mehreren Gemeinden besteht und Umsprengelungen sind eigentlich selten.<\/p>\n\n\n\n<p class=\"wp-block-paragraph\">Die PTS Neumarkt war in den letzten Jahren aber von vielen Umsprengelungen in eine benachbarte Schule betroffen, weil aktiv und massiv Werbung betrieben wurde.<\/p>\n\n\n\n<p class=\"wp-block-paragraph\">Bildungsdirektor Rudolf Maier schien diese Entwicklung zu begr\u00fc\u00dfen, macht er doch in informellen Gespr\u00e4chen keinen Hehl daraus, dass die Anzahl der Kleinschulen im Land reduziert werden soll.<\/p>\n\n\n\n<p class=\"wp-block-paragraph\">Die Rolle des Neumarkter B\u00fcrgermeisters und der Gemeindevertretung erscheint widerspr\u00fcchlich: Einerseits gibt es einen einstimmigen Gemeinderatsbeschluss zur Erhaltung der Polytechnischen Schule, andererseits stimmte man jahrelang den Umsprengelungen zu. \u00c4hnlich wie im Fall der Schlie\u00dfung der PTS Walserfeld d\u00fcrften der Neumarkter Politik die m\u00f6glichen Konsequenzen f\u00fcr den eigenen Schulstandort nicht vollst\u00e4ndig bewusst gewesen sein. Nun ist es zu sp\u00e4t.<\/p>\n\n\n\n<p class=\"wp-block-paragraph\">F\u00fcr die Zukunft stellen sich zwei entscheidende Fragen:<\/p>\n\n\n\n<p class=\"wp-block-paragraph\">Bekennen sich der Salzburger Bildungsdirektor und die f\u00fcr Schulpolitik zust\u00e4ndige Landesr\u00e4tin Mag. Gutschi zum Erhalt der Salzburger Kleinschulen, oder besteht das erkl\u00e4rte Ziel, diese langfristig zu schlie\u00dfen?<br><br><\/p>\n\n\n\n<p class=\"wp-block-paragraph\">Wie stehen Bildungsdirektion und Schulpolitik zu den bestehenden Schulsprengeln?<br>Bleiben diese in ihrer derzeitigen Form erhalten, oder ist eine Aufl\u00f6sung der Schulsprengel \u2013 auch im Bereich der Volks- und Mittelschulen \u2013 geplant? Eine solche Entwicklung w\u00fcrde unweigerlich zu einem sinnlosen und ressourcenraubenden Konkurrenzkampf im Pflichtschulbereich f\u00fchren, der f\u00fcr Sch\u00fclerinnen und Sch\u00fcler kaum einen Mehrwert bringt.<\/p>\n\n\n\n<figure class=\"wp-block-image size-large\"><img loading=\"lazy\" decoding=\"async\" width=\"1024\" height=\"383\" src=\"https:\/\/www.teamsalve.at\/wp-content\/uploads\/2026\/07\/2026-07-07-MS-Neumarkt-1024x383.jpg\" alt=\"\" class=\"wp-image-3941\" srcset=\"https:\/\/www.teamsalve.at\/wp-content\/uploads\/2026\/07\/2026-07-07-MS-Neumarkt-1024x383.jpg 1024w, https:\/\/www.teamsalve.at\/wp-content\/uploads\/2026\/07\/2026-07-07-MS-Neumarkt-300x112.jpg 300w, https:\/\/www.teamsalve.at\/wp-content\/uploads\/2026\/07\/2026-07-07-MS-Neumarkt-768x287.jpg 768w, https:\/\/www.teamsalve.at\/wp-content\/uploads\/2026\/07\/2026-07-07-MS-Neumarkt.jpg 1072w\" sizes=\"auto, (max-width: 1024px) 100vw, 1024px\" \/><\/figure>\n\n\n\n<p class=\"wp-block-paragraph\">Bericht SN, 08.07.2026 und Bericht Kronen Zeitung, 08.07.2026:<\/p>\n\n\n\n<div data-wp-interactive=\"core\/file\" class=\"wp-block-file\"><object data-wp-bind--hidden=\"!state.hasPdfPreview\" hidden class=\"wp-block-file__embed\" data=\"https:\/\/www.teamsalve.at\/wp-content\/uploads\/2026\/07\/2026-07-08_-PTS-Neumarkt_-SN-Artikel-und-Krone-Artikel.pdf\" type=\"application\/pdf\" style=\"width:100%;height:600px\" aria-label=\"Einbettung von 2026-07-08_ PTS Neumarkt_ SN Artikel und Krone Artikel.\"><\/object><a id=\"wp-block-file--media-3ac87327-7a74-4698-8e0e-58921f64565d\" href=\"https:\/\/www.teamsalve.at\/wp-content\/uploads\/2026\/07\/2026-07-08_-PTS-Neumarkt_-SN-Artikel-und-Krone-Artikel.pdf\">2026-07-08_ PTS Neumarkt_ SN Artikel und Krone Artikel<\/a><a href=\"https:\/\/www.teamsalve.at\/wp-content\/uploads\/2026\/07\/2026-07-08_-PTS-Neumarkt_-SN-Artikel-und-Krone-Artikel.pdf\" class=\"wp-block-file__button wp-element-button\" download aria-describedby=\"wp-block-file--media-3ac87327-7a74-4698-8e0e-58921f64565d\">Herunterladen<\/a><\/div>\n","protected":false},"excerpt":{"rendered":"<p>Sang- und klanglos wird nun mit Schulschluss die n\u00e4chste Polytechnische Schule (PTS) im Flachgau von der Bildungsdirektion geschlossen. Die PTS Walserfeld wurde bereits 2016 \u2013 auf Antrag der Gemeinde Wals-Siezenheim &hellip; <\/p>\n","protected":false},"author":2,"featured_media":0,"comment_status":"closed","ping_status":"closed","sticky":false,"template":"","format":"standard","meta":{"footnotes":""},"categories":[12],"tags":[],"class_list":["post-3939","post","type-post","status-publish","format-standard","hentry","category-oeffentlichkeitsarbeit"],"_links":{"self":[{"href":"https:\/\/www.teamsalve.at\/index.php?rest_route=\/wp\/v2\/posts\/3939","targetHints":{"allow":["GET"]}}],"collection":[{"href":"https:\/\/www.teamsalve.at\/index.php?rest_route=\/wp\/v2\/posts"}],"about":[{"href":"https:\/\/www.teamsalve.at\/index.php?rest_route=\/wp\/v2\/types\/post"}],"author":[{"embeddable":true,"href":"https:\/\/www.teamsalve.at\/index.php?rest_route=\/wp\/v2\/users\/2"}],"replies":[{"embeddable":true,"href":"https:\/\/www.teamsalve.at\/index.php?rest_route=%2Fwp%2Fv2%2Fcomments&post=3939"}],"version-history":[{"count":5,"href":"https:\/\/www.teamsalve.at\/index.php?rest_route=\/wp\/v2\/posts\/3939\/revisions"}],"predecessor-version":[{"id":3975,"href":"https:\/\/www.teamsalve.at\/index.php?rest_route=\/wp\/v2\/posts\/3939\/revisions\/3975"}],"wp:attachment":[{"href":"https:\/\/www.teamsalve.at\/index.php?rest_route=%2Fwp%2Fv2%2Fmedia&parent=3939"}],"wp:term":[{"taxonomy":"category","embeddable":true,"href":"https:\/\/www.teamsalve.at\/index.php?rest_route=%2Fwp%2Fv2%2Fcategories&post=3939"},{"taxonomy":"post_tag","embeddable":true,"href":"https:\/\/www.teamsalve.at\/index.php?rest_route=%2Fwp%2Fv2%2Ftags&post=3939"}],"curies":[{"name":"wp","href":"https:\/\/api.w.org\/{rel}","templated":true}]}}