{"id":3681,"date":"2026-06-03T15:32:30","date_gmt":"2026-06-03T13:32:30","guid":{"rendered":"https:\/\/www.teamsalve.at\/?p=3681"},"modified":"2026-06-04T15:42:43","modified_gmt":"2026-06-04T13:42:43","slug":"pfg-presseaussendung-am-03-06-2026-verdopplung-des-bvaeb-selbstbehaltes-ist-ein-schlag-ins-gesicht-der-versicherten","status":"publish","type":"post","link":"https:\/\/www.teamsalve.at\/?p=3681","title":{"rendered":"PFG Presseaussendung: Verdopplung des BVAEB Selbstbehaltes ist ein Schlag ins Gesicht der Versicherten"},"content":{"rendered":"\n<p class=\"wp-block-paragraph\"><strong>Presseaussendung der PFG<\/strong><\/p>\n\n\n\n<p class=\"wp-block-paragraph\"><strong>PFG: Verdoppelung des BVAEB-Selbstbehaltes ist ein Schlag ins Gesicht der Versicherten<\/strong><\/p>\n\n\n\n<p class=\"wp-block-paragraph\">Mit scharfer Kritik reagieren die Parteifreien Gewerkschafter_innen (PFG) auf die bekannt gewordene Anhebung des Selbstkostenbeitrages f\u00fcr BVAEB-Versicherte von 10 auf 20 Prozent. Aus Sicht der PFG werden damit ausgerechnet jene Menschen zus\u00e4tzlich belastet, die bereits durch steigende Lebenshaltungskosten, hohe Abgaben und eine zur\u00fcckhaltende Lohnentwicklung unter Druck stehen.<\/p>\n\n\n\n<p class=\"wp-block-paragraph\">\u201eDie Verdoppelung des Selbstbehaltes wird als notwendige Ma\u00dfnahme zur Sicherung des Leistungsniveaus verkauft. Tats\u00e4chlich bedeutet sie aber vor allem eines: Die Versicherten m\u00fcssen tiefer in die Tasche greifen, wenn sie medizinische Leistungen in Anspruch nehmen. Das ist der v\u00f6llig falsche Weg\u201c, kritisiert PFG-Bundesvorsitzender Toni Polivka.<\/p>\n\n\n\n<p class=\"wp-block-paragraph\">Polivka erinnert daran, dass der Selbstbehalt im Jahr 2016 auf 10 Prozent gesenkt wurde, nachdem durch eine Gesetzes\u00e4nderung der Zugriff des Bundes auf die R\u00fccklagen der BVAEB erm\u00f6glicht wurde.<\/p>\n\n\n\n<p class=\"wp-block-paragraph\">\u201eMan kann den Versicherten nicht einerseits h\u00f6here Beitr\u00e4ge abverlangen, um R\u00fccklagen aufzubauen, und andererseits zulassen, dass diese R\u00fccklagen jederzeit f\u00fcr andere Zwecke herangezogen werden k\u00f6nnen. Solange dieses Grundproblem nicht gel\u00f6st ist, fehlt jeder Rechtfertigung f\u00fcr eine derartige Belastung der Versicherten die Glaubw\u00fcrdigkeit\u201c, so Polivka weiter.<\/p>\n\n\n\n<p class=\"wp-block-paragraph\">Besonders kritisch sieht die PFG den Zeitpunkt der Ma\u00dfnahme. Gerade die Bediensteten des \u00f6ffentlichen Dienstes und der ausgegliederten Bereiche m\u00fcssen in den kommenden Jahren mit nur sehr moderaten Gehaltssteigerungen rechnen.<\/p>\n\n\n\n<p class=\"wp-block-paragraph\">\u201eW\u00e4hrend die Einkommen im \u00f6ffentlichen Bereich in den n\u00e4chsten zwei Jahren kaum sp\u00fcrbar steigen werden, sollen die Besch\u00e4ftigten gleichzeitig deutlich h\u00f6here Kosten bei Arztbesuchen und medizinischen Behandlungen tragen. Das bedeutet in Wahrheit eine weitere Belastung des verf\u00fcgbaren Einkommens unserer Kolleginnen und Kollegen\u201c, betont Polivka.<\/p>\n\n\n\n<p class=\"wp-block-paragraph\">Besonders unverst\u00e4ndlich ist f\u00fcr die PFG die Zustimmung jener Gewerkschaftsvertreter, die die Interessen der Besch\u00e4ftigten vertreten sollten.<\/p>\n\n\n\n<p class=\"wp-block-paragraph\">\u201eDie Vertreter der \u00d6VP-nahen Christgewerkschaft und der SP\u00d6-nahen FSG haben dieser Ma\u00dfnahme zugestimmt. Damit tragen sie eine Entscheidung mit, die tausende Versicherte unmittelbar finanziell belastet. Wer Arbeitnehmerinnen und Arbeitnehmer vertreten will, sollte sich gegen h\u00f6here Selbstbehalte stellen und nicht daf\u00fcr die Hand heben\u201c, erkl\u00e4rt der Salzburger PFG-Landesvorsitzende Markus Wolf.<\/p>\n\n\n\n<p class=\"wp-block-paragraph\">Wolf warnt zudem vor den sozialen Folgen der Ma\u00dfnahme:<\/p>\n\n\n\n<p class=\"wp-block-paragraph\">\u201eGerade Menschen mit chronischen Erkrankungen oder jene, die regelm\u00e4\u00dfig medizinische Leistungen ben\u00f6tigen, werden die Auswirkungen besonders stark sp\u00fcren. Gesundheit darf nicht davon abh\u00e4ngen, wie viel Geld jemand im B\u00f6rsel hat. Eine Verdoppelung des Selbstbehaltes setzt genau das falsche Signal.\u201c<\/p>\n\n\n\n<p class=\"wp-block-paragraph\">Auch die Argumentation, wonach die Ma\u00dfnahme zur Stabilisierung der Finanzen notwendig sei, l\u00e4sst Wolf nicht gelten:<\/p>\n\n\n\n<p class=\"wp-block-paragraph\">\u201eDie Besch\u00e4ftigten im \u00f6ffentlichen Dienst haben ihren Beitrag l\u00e4ngst geleistet. Wenn nun bei den Geh\u00e4ltern gespart wird und gleichzeitig die Gesundheitskosten steigen, dann wird die Rechnung einmal mehr den Versicherten pr\u00e4sentiert. Das ist weder sozial ausgewogen noch gerecht.\u201c<\/p>\n\n\n\n<p class=\"wp-block-paragraph\">Die PFG fordert daher die sofortige R\u00fccknahme der beschlossenen Erh\u00f6hung und eine transparente Diskussion \u00fcber die langfristige Finanzierung der BVAEB.<\/p>\n\n\n\n<p class=\"wp-block-paragraph\">\u201eWer das Vertrauen der Versicherten erhalten will, muss Belastungen vermeiden und zuerst die strukturellen Probleme l\u00f6sen. Die Versicherten d\u00fcrfen nicht zur einfachen Finanzierungsquelle werden\u201c, betonen Polivka und Wolf abschlie\u00dfend.<\/p>\n\n\n\n<p class=\"wp-block-paragraph\">Aus diesem Grund hat die PFG beim G\u00d6D-Landeskongress Salzburg einen Initiativantrag eingebracht, der die R\u00fccknahme der Erh\u00f6hung des Selbstbehaltes fordert. Die PFG wird sich weiterhin mit Nachdruck f\u00fcr eine faire und sozial ausgewogene Gesundheitsversorgung einsetzen.<\/p>\n\n\n\n<p class=\"has-text-align-right wp-block-paragraph\">Salzburg, 03.06.2026<\/p>\n\n\n\n<p class=\"wp-block-paragraph\">F\u00fcr R\u00fcckfragen:<\/p>\n\n\n\n<p class=\"wp-block-paragraph\">Toni Polivka&nbsp;&nbsp;&nbsp;&nbsp;&nbsp;&nbsp;&nbsp;&nbsp;&nbsp;&nbsp;&nbsp;&nbsp;&nbsp;&nbsp;&nbsp;&nbsp;&nbsp;&nbsp;&nbsp;&nbsp;&nbsp;&nbsp;&nbsp;&nbsp;&nbsp;&nbsp;&nbsp;&nbsp;&nbsp;&nbsp;&nbsp;&nbsp;&nbsp;&nbsp;&nbsp;&nbsp;&nbsp;&nbsp;&nbsp;&nbsp;&nbsp;&nbsp;&nbsp;&nbsp;&nbsp;&nbsp;&nbsp;&nbsp;&nbsp;&nbsp;&nbsp;&nbsp;&nbsp;&nbsp;&nbsp;&nbsp;&nbsp;&nbsp;&nbsp;&nbsp;&nbsp;&nbsp;&nbsp;&nbsp;&nbsp;&nbsp;&nbsp;&nbsp;&nbsp;&nbsp;&nbsp;&nbsp;&nbsp;&nbsp;&nbsp;&nbsp;&nbsp;&nbsp;&nbsp; Markus Wolf<br>PFG Bundesvorsitzender&nbsp;&nbsp;&nbsp;&nbsp;&nbsp;&nbsp;&nbsp;&nbsp;&nbsp;&nbsp;&nbsp;&nbsp;&nbsp;&nbsp;&nbsp;&nbsp;&nbsp;&nbsp;&nbsp;&nbsp;&nbsp;&nbsp;&nbsp;&nbsp;&nbsp;&nbsp;&nbsp;&nbsp;&nbsp;&nbsp;&nbsp;&nbsp;&nbsp;&nbsp;&nbsp;&nbsp;&nbsp;&nbsp;&nbsp;&nbsp;&nbsp;&nbsp;&nbsp;&nbsp;&nbsp;&nbsp;&nbsp;&nbsp;&nbsp;&nbsp;&nbsp;&nbsp;&nbsp;&nbsp;&nbsp; PFG Landesvorsitzender<\/p>\n\n\n\n<p class=\"wp-block-paragraph\">0664-4056002&nbsp;&nbsp;&nbsp;&nbsp;&nbsp;&nbsp;&nbsp;&nbsp;&nbsp;&nbsp;&nbsp;&nbsp;&nbsp;&nbsp;&nbsp;&nbsp;&nbsp;&nbsp;&nbsp;&nbsp;&nbsp;&nbsp;&nbsp;&nbsp;&nbsp;&nbsp;&nbsp;&nbsp;&nbsp;&nbsp;&nbsp;&nbsp;&nbsp;&nbsp;&nbsp;&nbsp;&nbsp;&nbsp;&nbsp;&nbsp;&nbsp;&nbsp;&nbsp;&nbsp;&nbsp;&nbsp;&nbsp;&nbsp;&nbsp;&nbsp;&nbsp;&nbsp;&nbsp;&nbsp;&nbsp;&nbsp;&nbsp;&nbsp;&nbsp;&nbsp;&nbsp;&nbsp;&nbsp;&nbsp;&nbsp;&nbsp;&nbsp;&nbsp;&nbsp;&nbsp;&nbsp;&nbsp;&nbsp; 0650-2303187<br><a href=\"mailto:toni.polivka@teamsalve.at\">toni.polivka@teamsalve.at<\/a>&nbsp;&nbsp;&nbsp;&nbsp;&nbsp;&nbsp;&nbsp;&nbsp;&nbsp;&nbsp;&nbsp;&nbsp;&nbsp;&nbsp;&nbsp;&nbsp;&nbsp;&nbsp;&nbsp;&nbsp;&nbsp;&nbsp;&nbsp;&nbsp;&nbsp;&nbsp;&nbsp;&nbsp;&nbsp;&nbsp;&nbsp;&nbsp;&nbsp;&nbsp;&nbsp;&nbsp;&nbsp;&nbsp;&nbsp;&nbsp;&nbsp;&nbsp;&nbsp;&nbsp;&nbsp;&nbsp;&nbsp;&nbsp;&nbsp;&nbsp; <a href=\"mailto:markus.wolf@teamsalve.at\">markus.wolf@teamsalve.at<\/a><\/p>\n\n\n\n<figure class=\"wp-block-image size-full\"><img loading=\"lazy\" decoding=\"async\" width=\"372\" height=\"126\" src=\"https:\/\/www.teamsalve.at\/wp-content\/uploads\/2026\/06\/image.png\" alt=\"\" class=\"wp-image-3697\" srcset=\"https:\/\/www.teamsalve.at\/wp-content\/uploads\/2026\/06\/image.png 372w, https:\/\/www.teamsalve.at\/wp-content\/uploads\/2026\/06\/image-300x102.png 300w\" sizes=\"auto, (max-width: 372px) 100vw, 372px\" \/><\/figure>\n","protected":false},"excerpt":{"rendered":"<p>Presseaussendung der PFG PFG: Verdoppelung des BVAEB-Selbstbehaltes ist ein Schlag ins Gesicht der Versicherten Mit scharfer Kritik reagieren die Parteifreien Gewerkschafter_innen (PFG) auf die bekannt gewordene Anhebung des Selbstkostenbeitrages f\u00fcr &hellip; <\/p>\n","protected":false},"author":2,"featured_media":0,"comment_status":"closed","ping_status":"closed","sticky":false,"template":"","format":"standard","meta":{"footnotes":""},"categories":[12],"tags":[],"class_list":["post-3681","post","type-post","status-publish","format-standard","hentry","category-oeffentlichkeitsarbeit"],"_links":{"self":[{"href":"https:\/\/www.teamsalve.at\/index.php?rest_route=\/wp\/v2\/posts\/3681","targetHints":{"allow":["GET"]}}],"collection":[{"href":"https:\/\/www.teamsalve.at\/index.php?rest_route=\/wp\/v2\/posts"}],"about":[{"href":"https:\/\/www.teamsalve.at\/index.php?rest_route=\/wp\/v2\/types\/post"}],"author":[{"embeddable":true,"href":"https:\/\/www.teamsalve.at\/index.php?rest_route=\/wp\/v2\/users\/2"}],"replies":[{"embeddable":true,"href":"https:\/\/www.teamsalve.at\/index.php?rest_route=%2Fwp%2Fv2%2Fcomments&post=3681"}],"version-history":[{"count":3,"href":"https:\/\/www.teamsalve.at\/index.php?rest_route=\/wp\/v2\/posts\/3681\/revisions"}],"predecessor-version":[{"id":3698,"href":"https:\/\/www.teamsalve.at\/index.php?rest_route=\/wp\/v2\/posts\/3681\/revisions\/3698"}],"wp:attachment":[{"href":"https:\/\/www.teamsalve.at\/index.php?rest_route=%2Fwp%2Fv2%2Fmedia&parent=3681"}],"wp:term":[{"taxonomy":"category","embeddable":true,"href":"https:\/\/www.teamsalve.at\/index.php?rest_route=%2Fwp%2Fv2%2Fcategories&post=3681"},{"taxonomy":"post_tag","embeddable":true,"href":"https:\/\/www.teamsalve.at\/index.php?rest_route=%2Fwp%2Fv2%2Ftags&post=3681"}],"curies":[{"name":"wp","href":"https:\/\/api.w.org\/{rel}","templated":true}]}}