{"id":3673,"date":"2026-06-04T10:14:20","date_gmt":"2026-06-04T08:14:20","guid":{"rendered":"https:\/\/www.teamsalve.at\/?p=3673"},"modified":"2026-06-04T20:21:57","modified_gmt":"2026-06-04T18:21:57","slug":"team-salve-pfg-newsletter-nr-36-vom-04-06-2026","status":"publish","type":"post","link":"https:\/\/www.teamsalve.at\/?p=3673","title":{"rendered":"Team SALVE-PFG Newsletter Nr. 36 vom 04.06.2026"},"content":{"rendered":"\n<hr class=\"wp-block-separator has-text-color has-luminous-vivid-amber-color has-alpha-channel-opacity has-luminous-vivid-amber-background-color has-background is-style-wide\"\/>\n\n\n\n<h2 class=\"wp-block-heading\">Erh\u00f6hung Selbstbehalt BVAEB<\/h2>\n\n\n\n<p class=\"has-text-color has-link-color wp-elements-1 wp-block-paragraph\" style=\"color:#784848\">Am Samstag, 30.05.2026 wurde mitgeteilt, dass die Hauptversammlung der BVAEB einstimmig beschlossen hat, den Behandlungsbeitrag (BB) ab 1. Juni 2026 von 10&nbsp;% auf 20&nbsp;% anzuheben. F\u00fcr Versicherte bzw. Familien mit geringem Einkommen gibt es nach wie vor die M\u00f6glichkeit zur Befreiung bzw. Nachsicht vom Behandlungsbeitrag.<\/p>\n\n\n\n<p class=\"has-text-color has-link-color wp-elements-2 wp-block-paragraph\" style=\"color:#784848\">\u00a7 63 Abs. 4 B-KUVG sieht vor, dass \u201edie H\u00f6he des Behandlungsbeitrags [\u2026] durch die Satzung unter Bedachtnahme auf die finanzielle Leistungsf\u00e4higkeit der Versicherungsanstalt festzusetzen\u201c ist. Aus diesem Grund erfolgte mit 1. April 2016 die Absenkung des BB von 20&nbsp;% auf 10&nbsp;%, da die BVA damals \u00fcber hohe R\u00fccklagen verf\u00fcgte. Diese R\u00fccklagen sind nun aufgebraucht, womit die BVAEB wieder die Anhebung des BB beschlossen hat.<\/p>\n\n\n\n<p class=\"has-text-color has-link-color wp-elements-3 wp-block-paragraph\" style=\"color:#784848\">Die wichtigsten Gr\u00fcnde f\u00fcr die derzeitige Budgetentwicklung sind Demografie und medizinischer Fortschritt. Wenn man \u00e4lter ist, ben\u00f6tigt man statistisch gesehen mehr medizinische Leistungen. Da wir eine alternde Gesellschaft sind, erh\u00f6ht das zwangsl\u00e4ufig die Ausgaben. Der Gott sei Dank gro\u00dfe medizinische Fortschritt kostet auch Geld. Bessere medizinische Leistungen und neue Medikamente haben ihren Preis.<\/p>\n\n\n\n<p class=\"has-text-color has-link-color wp-elements-4 wp-block-paragraph\" style=\"color:#784848\">Die Auswirkung (in Euro) der Erh\u00f6hung mit 1. Juni 2026 anhand einiger konkreter Beispiele:<\/p>\n\n\n\n<figure class=\"wp-block-table\"><table class=\"has-fixed-layout\"><tbody><tr><td>&nbsp;<\/td><td><strong><u>derzeit<\/u><\/strong><\/td><td><strong><u>in Zukunft<\/u><\/strong><\/td><\/tr><tr><td>&nbsp;<\/td><td><strong>10 % BB<\/strong><\/td><td><strong>20 % BB<\/strong><\/td><\/tr><tr><td>Erste Ordination Allgemeinmedizin<\/td><td>2,71<\/td><td>5,43<\/td><\/tr><tr><td>Weitere Ordination Allgemeinmedizin<\/td><td>1,56<\/td><td>3,12<\/td><\/tr><tr><td>Erste Ordination Internist:in<\/td><td>3,57<\/td><td>7,15<\/td><\/tr><tr><td>Weitere Ordination Internist:in<\/td><td>2,32<\/td><td>4,65<\/td><\/tr><tr><td>MRT<\/td><td>17,81<\/td><td>35,61<\/td><\/tr><tr><td>Physiotherapie 30 Minuten<\/td><td>3,80<\/td><td>7,60<\/td><\/tr><tr><td>Wurzelbehandlung (einkanalig)<\/td><td>10,76<\/td><td>21,51<\/td><\/tr><tr><td>Zweifl\u00e4chenf\u00fcllung<\/td><td>6,32<\/td><td>12,64<\/td><\/tr><\/tbody><\/table><\/figure>\n\n\n\n<p class=\"has-text-color has-link-color wp-elements-5 wp-block-paragraph\" style=\"color:#784848\">Der seit Jahren unver\u00e4nderte Ambulanz-BB wird an die Rezeptgeb\u00fchr (derzeit 7,55 Euro) angepasst.<\/p>\n\n\n\n<hr class=\"wp-block-separator has-alpha-channel-opacity\"\/>\n\n\n\n<p class=\"wp-block-paragraph\">In unserer <strong><a href=\"https:\/\/www.teamsalve.at\/pfg-presseaussendung-am-03-06-2026-verdopplung-des-bvaeb-selbstbehaltes-ist-ein-schlag-ins-gesicht-der-versicherten\/\">Presseaussendung <\/a><\/strong>\u00e4u\u00dfern wir Kritik an der Ma\u00dfnahme. Anlass dazu gaben sowohl die fehlende vorg\u00e4ngige Kommunikation als auch die kurze Zeitspanne zwischen Ver\u00f6ffentlichung und Inkrafttreten (Samstag bis Montag) sowie generell der Zeitpunkt der getroffenen Ma\u00dfnahme.<\/p>\n\n\n\n<p class=\"wp-block-paragraph\">Unsere Presseausendung kannst du <a href=\"https:\/\/www.teamsalve.at\/pfg-presseaussendung-am-03-06-2026-verdopplung-des-bvaeb-selbstbehaltes-ist-ein-schlag-ins-gesicht-der-versicherten\/\">HIER <\/a>nachlesen.<\/p>\n\n\n\n<p class=\"wp-block-paragraph\"><\/p>\n\n\n\n<hr class=\"wp-block-separator has-text-color has-luminous-vivid-amber-color has-alpha-channel-opacity has-luminous-vivid-amber-background-color has-background is-style-wide\"\/>\n\n\n\n<h2 class=\"wp-block-heading\">19. Landeskongress der G\u00d6D in Salzburg<\/h2>\n\n\n\n<p class=\"wp-block-paragraph\">Am 2. und 3. Juni 2026 fand im Hotel Heffterhof in Salzburg der 19. Landeskongress der Gewerkschaft \u00d6ffentlicher Dienst (G\u00d6D) Salzburg statt. Insgesamt nahmen 112 Delegierte aus den verschiedenen Berufsgruppen des \u00f6ffentlichen Dienstes an der Veranstaltung teil. Die Parteifreien Gewerkschafter_innen (PFG) waren mit 17 Delegierten vertreten und brachten sich aktiv in die Beratungen und Abstimmungen ein.<\/p>\n\n\n\n<figure class=\"wp-block-image size-large\"><img loading=\"lazy\" decoding=\"async\" width=\"1024\" height=\"221\" src=\"https:\/\/www.teamsalve.at\/wp-content\/uploads\/2026\/06\/2026-06-03-GOeD-Landeskongress_PFG-1-1024x221.jpg\" alt=\"\" class=\"wp-image-3685\" srcset=\"https:\/\/www.teamsalve.at\/wp-content\/uploads\/2026\/06\/2026-06-03-GOeD-Landeskongress_PFG-1-1024x221.jpg 1024w, https:\/\/www.teamsalve.at\/wp-content\/uploads\/2026\/06\/2026-06-03-GOeD-Landeskongress_PFG-1-300x65.jpg 300w, https:\/\/www.teamsalve.at\/wp-content\/uploads\/2026\/06\/2026-06-03-GOeD-Landeskongress_PFG-1-768x166.jpg 768w, https:\/\/www.teamsalve.at\/wp-content\/uploads\/2026\/06\/2026-06-03-GOeD-Landeskongress_PFG-1-1536x331.jpg 1536w, https:\/\/www.teamsalve.at\/wp-content\/uploads\/2026\/06\/2026-06-03-GOeD-Landeskongress_PFG-1-2048x442.jpg 2048w\" sizes=\"auto, (max-width: 1024px) 100vw, 1024px\" \/><\/figure>\n\n\n\n<p class=\"has-cyan-bluish-gray-color has-text-color has-link-color has-small-font-size wp-elements-6 wp-block-paragraph\">Team PFG am 19. Landeskongress (Foto A. Pfisterer)<\/p>\n\n\n\n<p class=\"wp-block-paragraph\">Auf der Tagesordnung standen mehr als 100 Antr\u00e4ge aus den unterschiedlichsten Bereichen des \u00f6ffentlichen Dienstes. Die behandelten Themen reichten von arbeitsrechtlichen Fragestellungen \u00fcber dienstrechtliche Anliegen bis hin zu Ma\u00dfnahmen zur Verbesserung der Arbeitsbedingungen der Besch\u00e4ftigten.<\/p>\n\n\n\n<p class=\"wp-block-paragraph\">Die PFG brachte gemeinsam mit den Unabh\u00e4ngigen Gewerkschafter (UG) einen Initiativantrag zur geplanten Erh\u00f6hung des Selbstkostenbeitrages der BVAEB von 10 auf 20 Prozent ein. Dabei wurde die \u00fcberfallsartige Ma\u00dfnahme scharf kritisch und eine Ablehnung in der vorgesehenen Form gefordert.<\/p>\n\n\n\n<p class=\"has-cyan-bluish-gray-color has-text-color has-link-color has-small-font-size wp-elements-7 wp-block-paragraph\">Toni Polivka, Christine Haslauer, Markus Wolf (Foto A. Pfisterer)<\/p>\n\n\n\n<div class=\"wp-block-media-text is-stacked-on-mobile\"><figure class=\"wp-block-media-text__media\"><img loading=\"lazy\" decoding=\"async\" width=\"1024\" height=\"683\" src=\"https:\/\/www.teamsalve.at\/wp-content\/uploads\/2026\/06\/2026-06-03-GOeD-Landeskongress-1024x683.jpg\" alt=\"\" class=\"wp-image-3682 size-full\" srcset=\"https:\/\/www.teamsalve.at\/wp-content\/uploads\/2026\/06\/2026-06-03-GOeD-Landeskongress-1024x683.jpg 1024w, https:\/\/www.teamsalve.at\/wp-content\/uploads\/2026\/06\/2026-06-03-GOeD-Landeskongress-300x200.jpg 300w, https:\/\/www.teamsalve.at\/wp-content\/uploads\/2026\/06\/2026-06-03-GOeD-Landeskongress-768x512.jpg 768w, https:\/\/www.teamsalve.at\/wp-content\/uploads\/2026\/06\/2026-06-03-GOeD-Landeskongress-1536x1024.jpg 1536w, https:\/\/www.teamsalve.at\/wp-content\/uploads\/2026\/06\/2026-06-03-GOeD-Landeskongress-2048x1365.jpg 2048w, https:\/\/www.teamsalve.at\/wp-content\/uploads\/2026\/06\/2026-06-03-GOeD-Landeskongress-1280x855.jpg 1280w\" sizes=\"auto, (max-width: 1024px) 100vw, 1024px\" \/><\/figure><div class=\"wp-block-media-text__content\">\n<p class=\"wp-block-paragraph\">Ein weiterer Schwerpunkt des Kongresses war die Neuwahl des Landesvorstandes der G\u00d6D Salzburg. Dabei konnten die Parteifreien Gewerkschafter_innen ihre Vertretung im Landesvorstand erfolgreich sichern und ausbauen: Christine Haslauer und Toni Polivka wurden erneut in das Gremium gew\u00e4hlt, Markus Wolf geh\u00f6rt dem Landesvorstand k\u00fcnftig erstmals an.<\/p>\n<\/div><\/div>\n\n\n\n<p class=\"has-cyan-bluish-gray-color has-text-color has-link-color has-small-font-size wp-elements-8 wp-block-paragraph\"><\/p>\n\n\n\n<p class=\"wp-block-paragraph\">Mit nur 57,14 % der Stimmen erzielte MMMag. Getraud Salzmann (FCG) bei ihrer Best\u00e4tigung als Vorsitzende der G\u00d6D Salzburg das historisch schlechteste Ergebnis f\u00fcr dieses Amt.<\/p>\n\n\n\n<p class=\"wp-block-paragraph\">Der Landeskongress ist das h\u00f6chste Beschlussgremium der G\u00d6D Salzburg. Die Ergebnisse der Beratungen und Wahlen bilden die Grundlage f\u00fcr die gewerkschaftliche Arbeit der kommenden Jahre. Die Parteifreien Gewerkschafter_innen werden sich weiterhin f\u00fcr die Interessen der Besch\u00e4ftigten im \u00f6ffentlichen Dienst einsetzen und ihre Anliegen in die gewerkschaftlichen Gremien einbringen.<\/p>\n\n\n\n<hr class=\"wp-block-separator has-text-color has-luminous-vivid-amber-color has-alpha-channel-opacity has-luminous-vivid-amber-background-color has-background is-style-wide\"\/>\n\n\n\n<h2 class=\"wp-block-heading\">K\u00fcndigungsfristen f\u00fcr Vertragslehrpersonen<\/h2>\n\n\n\n<p class=\"has-cyan-bluish-gray-color has-text-color has-link-color has-small-font-size wp-elements-9 wp-block-paragraph\">Bildquelle: Pixabay<\/p>\n\n\n\n<div class=\"wp-block-media-text is-stacked-on-mobile\"><figure class=\"wp-block-media-text__media\"><img loading=\"lazy\" decoding=\"async\" width=\"640\" height=\"640\" src=\"https:\/\/www.teamsalve.at\/wp-content\/uploads\/2026\/06\/information-1015297_640.jpg\" alt=\"\" class=\"wp-image-3705 size-full\" srcset=\"https:\/\/www.teamsalve.at\/wp-content\/uploads\/2026\/06\/information-1015297_640.jpg 640w, https:\/\/www.teamsalve.at\/wp-content\/uploads\/2026\/06\/information-1015297_640-300x300.jpg 300w, https:\/\/www.teamsalve.at\/wp-content\/uploads\/2026\/06\/information-1015297_640-150x150.jpg 150w\" sizes=\"auto, (max-width: 640px) 100vw, 640px\" \/><\/figure><div class=\"wp-block-media-text__content\">\n<p class=\"wp-block-paragraph\">In unserem Video informieren wir dich \u00fcber die K\u00fcndigungsfristen f\u00fcr Vertragslehrpersonen, das Video kannst du <a href=\"https:\/\/www.youtube.com\/watch?v=1_QOM-ZggTQ\">HIER<\/a> anschauen.<\/p>\n\n\n\n<p class=\"wp-block-paragraph\">Alle unsere Videos (zum Beispiel: Thema Krankenstand, Pflegefreistellung, Amts- Organhaftung&#8230;) findest du <a href=\"https:\/\/www.youtube.com\/@TeamSalve-pfg\" target=\"_blank\" rel=\"noreferrer noopener\">HIER<\/a>.<\/p>\n<\/div><\/div>\n\n\n\n<hr class=\"wp-block-separator has-text-color has-luminous-vivid-amber-color has-alpha-channel-opacity has-luminous-vivid-amber-background-color has-background is-style-wide\"\/>\n\n\n\n<h2 class=\"wp-block-heading\">Plattform Lisa Leaks<\/h2>\n\n\n\n<p class=\"wp-block-paragraph\">Kollegin Lisa Aldali &#8211; seit November 2025 Nationalratsabgeordneten und NEOS-Volksanwaltschaftssprecherin- hat die Online-Plattform \u201eLisa Leaks\u201c initiiert.<\/p>\n\n\n\n<p class=\"wp-block-paragraph\">\u00dcber diese Plattform k\u00f6nnen B\u00fcrgerinnen und B\u00fcrger anonym auf Missst\u00e4nde aufmerksam machen \u2013 etwa in den Bereichen Bildung, Gesundheit, Landwirtschaft oder Verwaltung.<\/p>\n\n\n\n<p class=\"wp-block-paragraph\">Ziel sei es, Menschen eine Stimme zu geben, die sich von Beh\u00f6rden oder Institutionen nicht geh\u00f6rt f\u00fchlen.<\/p>\n\n\n\n<p class=\"wp-block-paragraph\">Den Link zur Plattform findest du&nbsp;<a href=\"https:\/\/www.neos.eu\/lisaleaks\" target=\"_blank\" rel=\"noreferrer noopener\">HIER<\/a>.<\/p>\n\n\n\n<hr class=\"wp-block-separator has-text-color has-luminous-vivid-amber-color has-alpha-channel-opacity has-luminous-vivid-amber-background-color has-background is-style-wide\"\/>\n\n\n\n<p class=\"wp-block-paragraph\"><strong>SALVE \u2013 der einzige parteifreie <a href=\"https:\/\/1dd2d597-9b8a-4bd1-b6d6-461eb628a94c.filesusr.com\/ugd\/f2475a_e283abe277964976aa8db0f52da859d3.pdf\" target=\"_blank\" rel=\"noreferrer noopener\">Lehrer:innenverein in Salzburg!<\/a><\/strong><\/p>\n\n\n\n<figure class=\"wp-block-image\"><img decoding=\"async\" src=\"https:\/\/www.teamsalve.at\/wp-content\/uploads\/2025\/12\/LOGO-NEU-SALVE-PFG-1024x140.jpg\" alt=\"Dieses Bild hat ein leeres Alt-Attribut. Der Dateiname ist LOGO-NEU-SALVE-PFG-1024x140.jpg\"\/><\/figure>\n\n\n\n<p class=\"wp-block-paragraph\"><\/p>\n","protected":false},"excerpt":{"rendered":"<p>Erh\u00f6hung Selbstbehalt BVAEB Am Samstag, 30.05.2026 wurde mitgeteilt, dass die Hauptversammlung der BVAEB einstimmig beschlossen hat, den Behandlungsbeitrag (BB) ab 1. Juni 2026 von 10&nbsp;% auf 20&nbsp;% anzuheben. F\u00fcr Versicherte &hellip; <\/p>\n","protected":false},"author":2,"featured_media":0,"comment_status":"closed","ping_status":"closed","sticky":false,"template":"","format":"standard","meta":{"footnotes":""},"categories":[37],"tags":[],"class_list":["post-3673","post","type-post","status-publish","format-standard","hentry","category-salve-pfg-newsletter"],"_links":{"self":[{"href":"https:\/\/www.teamsalve.at\/index.php?rest_route=\/wp\/v2\/posts\/3673","targetHints":{"allow":["GET"]}}],"collection":[{"href":"https:\/\/www.teamsalve.at\/index.php?rest_route=\/wp\/v2\/posts"}],"about":[{"href":"https:\/\/www.teamsalve.at\/index.php?rest_route=\/wp\/v2\/types\/post"}],"author":[{"embeddable":true,"href":"https:\/\/www.teamsalve.at\/index.php?rest_route=\/wp\/v2\/users\/2"}],"replies":[{"embeddable":true,"href":"https:\/\/www.teamsalve.at\/index.php?rest_route=%2Fwp%2Fv2%2Fcomments&post=3673"}],"version-history":[{"count":21,"href":"https:\/\/www.teamsalve.at\/index.php?rest_route=\/wp\/v2\/posts\/3673\/revisions"}],"predecessor-version":[{"id":3718,"href":"https:\/\/www.teamsalve.at\/index.php?rest_route=\/wp\/v2\/posts\/3673\/revisions\/3718"}],"wp:attachment":[{"href":"https:\/\/www.teamsalve.at\/index.php?rest_route=%2Fwp%2Fv2%2Fmedia&parent=3673"}],"wp:term":[{"taxonomy":"category","embeddable":true,"href":"https:\/\/www.teamsalve.at\/index.php?rest_route=%2Fwp%2Fv2%2Fcategories&post=3673"},{"taxonomy":"post_tag","embeddable":true,"href":"https:\/\/www.teamsalve.at\/index.php?rest_route=%2Fwp%2Fv2%2Ftags&post=3673"}],"curies":[{"name":"wp","href":"https:\/\/api.w.org\/{rel}","templated":true}]}}