{"id":3599,"date":"2026-05-28T17:52:49","date_gmt":"2026-05-28T15:52:49","guid":{"rendered":"https:\/\/www.teamsalve.at\/?p=3599"},"modified":"2026-05-28T18:05:54","modified_gmt":"2026-05-28T16:05:54","slug":"team-salve-pfg-newsletter-nr-35-vom-28-05-2026","status":"publish","type":"post","link":"https:\/\/www.teamsalve.at\/?p=3599","title":{"rendered":"Team SALVE-PFG Newsletter Nr. 35 vom 28.05.2026"},"content":{"rendered":"\n<hr class=\"wp-block-separator has-text-color has-alpha-channel-opacity has-background is-style-wide\" style=\"background-color:#ec973c;color:#ec973c\"\/>\n\n\n\n<h2 class=\"wp-block-heading has-text-color has-link-color has-medium-font-size wp-elements-1\" style=\"color:#2a639f\">Einvernehmliche Aufl\u00f6sung des Dienstvertrages<\/h2>\n\n\n\n<p class=\"has-black-color has-text-color has-link-color wp-elements-2 wp-block-paragraph\" style=\"font-size:17px\">Gegen Ende des Schuljahres entscheiden sich aus unterschiedlichen Gr\u00fcnden immer wieder Kolleginnen und Kollegen daf\u00fcr, ihr Dienstverh\u00e4ltnis zu beenden. Viele bewerben sich anschlie\u00dfend in anderen Bundesl\u00e4ndern auf offene Lehrer:innenstellen und bleiben damit weiterhin im Schuldienst t\u00e4tig.<\/p>\n\n\n\n<p class=\"has-black-color has-text-color has-link-color wp-elements-3 wp-block-paragraph\">Dabei gibt es einen wesentlichen Unterschied zwischen einer K\u00fcndigung und einer einvernehmlichen Aufl\u00f6sung des Dienstverh\u00e4ltnisses. Ein Vorteil der einvernehmlichen Aufl\u00f6sung besteht darin, dass das Ende des Dienstverh\u00e4ltnisses individuell vereinbart werden kann.<\/p>\n\n\n\n<p class=\"has-black-color has-text-color has-link-color wp-elements-4 wp-block-paragraph\">Viele Kolleginnen und Kollegen, die oftmals bereits seit Jahren durchgehend unterrichten, haben daher bei der Bildungsdirektion Salzburg um eine einvernehmliche Aufl\u00f6sung mit dem letzten Ferientag ersucht. Im Schuljahr 2025\/26 w\u00e4re dies der 13.09.2026. In den vergangenen Jahren wurde diese M\u00f6glichkeit auch gew\u00e4hrt. Leider wird dies nun nicht mehr erm\u00f6glicht. Derzeit werden einvernehmliche Aufl\u00f6sungen nur noch mit 31.08.2026  genehmigt. F\u00fcr die Betroffenen bedeutet das konkret: Sie leisten ihre Arbeit bis zum Ende des gesamten Schuljahres, erhalten jedoch die letzten 13 Tage der Ferien nicht mehr bezahlt.<\/p>\n\n\n\n<figure class=\"wp-block-image size-full is-resized\"><img loading=\"lazy\" decoding=\"async\" width=\"640\" height=\"640\" src=\"https:\/\/www.teamsalve.at\/wp-content\/uploads\/2026\/05\/mask-1027230_640.jpg\" alt=\"\" class=\"wp-image-3636\" style=\"width:106px;height:auto\" srcset=\"https:\/\/www.teamsalve.at\/wp-content\/uploads\/2026\/05\/mask-1027230_640.jpg 640w, https:\/\/www.teamsalve.at\/wp-content\/uploads\/2026\/05\/mask-1027230_640-300x300.jpg 300w, https:\/\/www.teamsalve.at\/wp-content\/uploads\/2026\/05\/mask-1027230_640-150x150.jpg 150w\" sizes=\"auto, (max-width: 640px) 100vw, 640px\" \/><\/figure>\n\n\n\n<p class=\"has-black-color has-text-color has-link-color wp-elements-5 wp-block-paragraph\">Aus Sicht der Personalvertretung ist diese Vorgangsweise \u00e4u\u00dferst kritisch zu sehen. Kolleginnen und Kollegen, die ihren Dienst \u00fcber das gesamte Schuljahr hinweg verantwortungsvoll erf\u00fcllen, d\u00fcrfen am Ende nicht aus reinen Einsparungsgr\u00fcnden benachteiligt werden. Gerade langj\u00e4hrig Besch\u00e4ftigte h\u00e4tten sich hier eine faire und wertsch\u00e4tzende L\u00f6sung verdient.<\/p>\n\n\n\n<hr class=\"wp-block-separator has-text-color has-luminous-vivid-amber-color has-alpha-channel-opacity has-luminous-vivid-amber-background-color has-background is-style-wide\"\/>\n\n\n\n<p class=\"has-text-color has-link-color has-medium-font-size wp-elements-6 wp-block-paragraph\" style=\"color:#2a639f\"><strong>Information zu Versetzungen<\/strong><\/p>\n\n\n\n<p class=\"wp-block-paragraph\" style=\"font-size:17px\">Derzeit erreichen uns zahlreiche Anfragen zu den laufenden Versetzungen. Viele Kolleginnen und Kollegen haben bislang noch keinerlei Information seitens der Bildungsdirektion erhalten. F\u00fcr uns ist das sehr erstaunlich, da die Versetzungsgespr\u00e4che bereits in der vorletzten Aprilwoche stattgefunden haben und auch die gesetzliche Mitteilungsfrist von 14 Tagen l\u00e4ngst abgelaufen ist.<\/p>\n\n\n\n<p class=\"wp-block-paragraph\">Wir empfehlen dir daher, direkt mit deiner zust\u00e4ndigen Sachbearbeiterin bzw. deinem zust\u00e4ndigen Sachbearbeiter in der Bildungsdirektion Kontakt aufzunehmen.<\/p>\n\n\n\n<p class=\"wp-block-paragraph\" style=\"font-size:17px\">Auf der Homepage der Bildungsdirektion Salzburg findest du unter \u201eSchulsuche\u201c deinen Standort sowie die Kontaktdaten der jeweils zust\u00e4ndigen Person.<\/p>\n\n\n\n<hr class=\"wp-block-separator has-text-color has-luminous-vivid-amber-color has-alpha-channel-opacity has-luminous-vivid-amber-background-color has-background is-style-wide\"\/>\n\n\n\n<h2 class=\"wp-block-heading has-text-color has-link-color has-medium-font-size wp-elements-7\" style=\"color:#2a639f\">SALVE &#8211; PFG informiert: Pflegefreistellung<\/h2>\n\n\n\n<p class=\"wp-block-paragraph\">Im <a href=\"https:\/\/www.youtube.com\/watch?v=Y2ANCsStQ8k\">DIESEM VIDEO<\/a> erf\u00e4hrst du alles zum Thema Pflegefreistellung. <br>Hier gab es die Verbesserung: F\u00fcr <strong>nahe Angeh\u00f6rige<\/strong> ist <strong>kein gemeinsamer Haushalt mehr notwendig<\/strong>.<\/p>\n\n\n\n<hr class=\"wp-block-separator has-text-color has-luminous-vivid-amber-color has-alpha-channel-opacity has-luminous-vivid-amber-background-color has-background is-style-wide\"\/>\n\n\n\n<h2 class=\"wp-block-heading has-text-color has-link-color has-medium-font-size wp-elements-8\" style=\"color:#2a639f\">Schauspielhaus &#8211; Aktionstage f\u00fcr Salzburger Pflichtschullehrer:innen <\/h2>\n\n\n\n<p class=\"wp-block-paragraph\"><strong>\u201eMarie Antoinette\u201c<\/strong><br>von Nils Strunk, Lukas Schrenk und Klara W\u00f6rdemann<br>nach Stefan Zweig<\/p>\n\n\n\n<p class=\"wp-block-paragraph\">\ud83d\udcc5 <strong>Vorstellungstermine<\/strong><br>\u2022 Samstag, 13. Juni 2026, 19:00 Uhr<br>\u2022 Dienstag, 23. Juni 2026, 19:30 Uhr<\/p>\n\n\n\n<p class=\"wp-block-paragraph\">\u2728 <strong>Exklusives Angebot<\/strong><br>Gegen Vorlage des Dienstausweises erhalten Salzburger Pflichtschullehrer:innen<br><strong>zwei Tickets zum Sonderpreis von je \u20ac 15 (statt \u20ac 30).<\/strong><\/p>\n\n\n\n<figure class=\"wp-block-image size-full is-resized\"><img loading=\"lazy\" decoding=\"async\" width=\"419\" height=\"120\" src=\"https:\/\/www.teamsalve.at\/wp-content\/uploads\/2026\/05\/2025-10-01-Schauspielhaus.png\" alt=\"\" class=\"wp-image-3606\" style=\"width:227px;height:auto\" srcset=\"https:\/\/www.teamsalve.at\/wp-content\/uploads\/2026\/05\/2025-10-01-Schauspielhaus.png 419w, https:\/\/www.teamsalve.at\/wp-content\/uploads\/2026\/05\/2025-10-01-Schauspielhaus-300x86.png 300w\" sizes=\"auto, (max-width: 419px) 100vw, 419px\" \/><\/figure>\n\n\n\n<hr class=\"wp-block-separator has-alpha-channel-opacity has-luminous-vivid-amber-to-luminous-vivid-orange-gradient-background has-background is-style-wide\"\/>\n\n\n\n<h2 class=\"wp-block-heading has-text-color has-link-color has-medium-font-size wp-elements-9\" style=\"color:#2a639f\">Neuer SALVE Kalender 2026\/27 ist da!<\/h2>\n\n\n\n<p class=\"wp-block-paragraph\" style=\"font-size:17px\">Auch dieses Jahr d\u00fcrfen wir dir wieder den praktischen SALVE Taschenkalender schenken.<br>Unser Team ist in den kommenden Wochen an den Schulen unterwegs und bringt ihn pers\u00f6nlich vorbei.<\/p>\n\n\n\n<p class=\"wp-block-paragraph\" style=\"font-size:17px\">\u2728 NEU: Alle SALVE-Mitglieder \u2013 und jene, die jetzt zu SALVE beitreten \u2013 d\u00fcrfen sich heuer zus\u00e4tzlich \u00fcber einen \u00fcbersichtlichen Stehkalender freuen.<\/p>\n\n\n\n<figure class=\"wp-block-image size-large\"><img loading=\"lazy\" decoding=\"async\" width=\"819\" height=\"1024\" src=\"https:\/\/www.teamsalve.at\/wp-content\/uploads\/2026\/05\/2026-05-19-Kalender-Werbung-819x1024.jpg\" alt=\"\" class=\"wp-image-3581\" srcset=\"https:\/\/www.teamsalve.at\/wp-content\/uploads\/2026\/05\/2026-05-19-Kalender-Werbung-819x1024.jpg 819w, https:\/\/www.teamsalve.at\/wp-content\/uploads\/2026\/05\/2026-05-19-Kalender-Werbung-240x300.jpg 240w, https:\/\/www.teamsalve.at\/wp-content\/uploads\/2026\/05\/2026-05-19-Kalender-Werbung-768x960.jpg 768w, https:\/\/www.teamsalve.at\/wp-content\/uploads\/2026\/05\/2026-05-19-Kalender-Werbung.jpg 1080w\" sizes=\"auto, (max-width: 819px) 100vw, 819px\" \/><figcaption class=\"wp-element-caption\">Kalender &#8211; 1<\/figcaption><\/figure>\n\n\n\n<hr class=\"wp-block-separator aligncenter has-alpha-channel-opacity is-style-wide\"\/>\n\n\n\n<p class=\"wp-block-paragraph\"><strong>SALVE \u2013 der einzige parteifreie <a href=\"https:\/\/1dd2d597-9b8a-4bd1-b6d6-461eb628a94c.filesusr.com\/ugd\/f2475a_e283abe277964976aa8db0f52da859d3.pdf\" target=\"_blank\" rel=\"noreferrer noopener\">Lehrer:innenverein in Salzburg!<\/a><\/strong><\/p>\n\n\n\n<figure class=\"wp-block-image size-large\"><img loading=\"lazy\" decoding=\"async\" width=\"1024\" height=\"140\" src=\"https:\/\/www.teamsalve.at\/wp-content\/uploads\/2025\/12\/LOGO-NEU-SALVE-PFG-1024x140.jpg\" alt=\"\" class=\"wp-image-1756\" srcset=\"https:\/\/www.teamsalve.at\/wp-content\/uploads\/2025\/12\/LOGO-NEU-SALVE-PFG-1024x140.jpg 1024w, https:\/\/www.teamsalve.at\/wp-content\/uploads\/2025\/12\/LOGO-NEU-SALVE-PFG-300x41.jpg 300w, https:\/\/www.teamsalve.at\/wp-content\/uploads\/2025\/12\/LOGO-NEU-SALVE-PFG-768x105.jpg 768w, https:\/\/www.teamsalve.at\/wp-content\/uploads\/2025\/12\/LOGO-NEU-SALVE-PFG.jpg 1272w\" sizes=\"auto, (max-width: 1024px) 100vw, 1024px\" \/><\/figure>\n","protected":false},"excerpt":{"rendered":"<p>Einvernehmliche Aufl\u00f6sung des Dienstvertrages Gegen Ende des Schuljahres entscheiden sich aus unterschiedlichen Gr\u00fcnden immer wieder Kolleginnen und Kollegen daf\u00fcr, ihr Dienstverh\u00e4ltnis zu beenden. Viele bewerben sich anschlie\u00dfend in anderen Bundesl\u00e4ndern &hellip; <\/p>\n","protected":false},"author":2,"featured_media":0,"comment_status":"closed","ping_status":"closed","sticky":false,"template":"","format":"standard","meta":{"footnotes":""},"categories":[37],"tags":[],"class_list":["post-3599","post","type-post","status-publish","format-standard","hentry","category-salve-pfg-newsletter"],"_links":{"self":[{"href":"https:\/\/www.teamsalve.at\/index.php?rest_route=\/wp\/v2\/posts\/3599","targetHints":{"allow":["GET"]}}],"collection":[{"href":"https:\/\/www.teamsalve.at\/index.php?rest_route=\/wp\/v2\/posts"}],"about":[{"href":"https:\/\/www.teamsalve.at\/index.php?rest_route=\/wp\/v2\/types\/post"}],"author":[{"embeddable":true,"href":"https:\/\/www.teamsalve.at\/index.php?rest_route=\/wp\/v2\/users\/2"}],"replies":[{"embeddable":true,"href":"https:\/\/www.teamsalve.at\/index.php?rest_route=%2Fwp%2Fv2%2Fcomments&post=3599"}],"version-history":[{"count":22,"href":"https:\/\/www.teamsalve.at\/index.php?rest_route=\/wp\/v2\/posts\/3599\/revisions"}],"predecessor-version":[{"id":3638,"href":"https:\/\/www.teamsalve.at\/index.php?rest_route=\/wp\/v2\/posts\/3599\/revisions\/3638"}],"wp:attachment":[{"href":"https:\/\/www.teamsalve.at\/index.php?rest_route=%2Fwp%2Fv2%2Fmedia&parent=3599"}],"wp:term":[{"taxonomy":"category","embeddable":true,"href":"https:\/\/www.teamsalve.at\/index.php?rest_route=%2Fwp%2Fv2%2Fcategories&post=3599"},{"taxonomy":"post_tag","embeddable":true,"href":"https:\/\/www.teamsalve.at\/index.php?rest_route=%2Fwp%2Fv2%2Ftags&post=3599"}],"curies":[{"name":"wp","href":"https:\/\/api.w.org\/{rel}","templated":true}]}}