{"id":3563,"date":"2026-05-22T09:39:22","date_gmt":"2026-05-22T07:39:22","guid":{"rendered":"https:\/\/www.teamsalve.at\/?p=3563"},"modified":"2026-05-22T14:18:25","modified_gmt":"2026-05-22T12:18:25","slug":"team-salve-pfg-newsletter-nr-34-vom-22-05-2026","status":"publish","type":"post","link":"https:\/\/www.teamsalve.at\/?p=3563","title":{"rendered":"Team SALVE-PFG Newsletter Nr. 34 vom 22.05.2026"},"content":{"rendered":"\n<hr class=\"wp-block-separator has-text-color has-alpha-channel-opacity has-background is-style-wide\" style=\"background-color:#ec973c;color:#ec973c\"\/>\n\n\n\n<h2 class=\"wp-block-heading has-text-color has-link-color has-medium-font-size wp-elements-1\" style=\"color:#2a639f\"><strong>Von der Leistungsfeststellung zur Leistungsbeurteilung<\/strong><\/h2>\n\n\n\n<p class=\"has-black-color has-text-color has-link-color wp-elements-2 wp-block-paragraph\" style=\"font-size:17px\">Das Team SALVE-PFG hat eine informative \u00dcbersicht zur Leistungsbeurteilung f\u00fcr dich erstellt.<br>Nachfolgend kannst du dir die Info anschauen, ausdrucken und auch gerne im Konfernzzimmer aufh\u00e4ngen:<\/p>\n\n\n\n<div data-wp-interactive=\"core\/file\" class=\"wp-block-file\"><object data-wp-bind--hidden=\"!state.hasPdfPreview\" hidden class=\"wp-block-file__embed\" data=\"https:\/\/www.teamsalve.at\/wp-content\/uploads\/2026\/05\/2026-05-21-TEAM-Info-Leistungsbeurteilung1.pdf\" type=\"application\/pdf\" style=\"width:100%;height:600px\" aria-label=\"Einbettung von 2026-05-21-TEAM-Info-Leistungsbeurteilung1.\"><\/object><a id=\"wp-block-file--media-92ebcb29-8e30-49e6-8433-9ff0a89a4cf2\" href=\"https:\/\/www.teamsalve.at\/wp-content\/uploads\/2026\/05\/2026-05-21-TEAM-Info-Leistungsbeurteilung1.pdf\">2026-05-21-TEAM-Info-Leistungsbeurteilung1<\/a><a href=\"https:\/\/www.teamsalve.at\/wp-content\/uploads\/2026\/05\/2026-05-21-TEAM-Info-Leistungsbeurteilung1.pdf\" class=\"wp-block-file__button wp-element-button\" download aria-describedby=\"wp-block-file--media-92ebcb29-8e30-49e6-8433-9ff0a89a4cf2\">Herunterladen<\/a><\/div>\n\n\n\n<hr class=\"wp-block-separator has-text-color has-luminous-vivid-amber-color has-alpha-channel-opacity has-luminous-vivid-amber-background-color has-background is-style-wide\"\/>\n\n\n\n<h2 class=\"wp-block-heading has-text-color has-link-color has-medium-font-size wp-elements-3\" style=\"color:#2a639f\">Neuer SALVE Kalender 2026\/27 ist da!<\/h2>\n\n\n\n<p class=\"wp-block-paragraph\" style=\"font-size:17px\">Auch dieses Jahr d\u00fcrfen wir dir wieder den praktischen SALVE Taschenkalender schenken.<br>Unser Team ist in den kommenden Wochen an den Schulen unterwegs und bringt ihn pers\u00f6nlich vorbei.<\/p>\n\n\n\n<p class=\"wp-block-paragraph\" style=\"font-size:17px\">\u2728 NEU: Alle SALVE-Mitglieder \u2013 und jene, die jetzt zu SALVE beitreten \u2013 d\u00fcrfen sich heuer zus\u00e4tzlich \u00fcber einen \u00fcbersichtlichen Stehkalender freuen.<\/p>\n\n\n\n<figure class=\"wp-block-image size-large\"><img loading=\"lazy\" decoding=\"async\" width=\"819\" height=\"1024\" src=\"https:\/\/www.teamsalve.at\/wp-content\/uploads\/2026\/05\/2026-05-19-Kalender-Werbung-819x1024.jpg\" alt=\"\" class=\"wp-image-3581\" srcset=\"https:\/\/www.teamsalve.at\/wp-content\/uploads\/2026\/05\/2026-05-19-Kalender-Werbung-819x1024.jpg 819w, https:\/\/www.teamsalve.at\/wp-content\/uploads\/2026\/05\/2026-05-19-Kalender-Werbung-240x300.jpg 240w, https:\/\/www.teamsalve.at\/wp-content\/uploads\/2026\/05\/2026-05-19-Kalender-Werbung-768x960.jpg 768w, https:\/\/www.teamsalve.at\/wp-content\/uploads\/2026\/05\/2026-05-19-Kalender-Werbung.jpg 1080w\" sizes=\"auto, (max-width: 819px) 100vw, 819px\" \/><figcaption class=\"wp-element-caption\">Kalender &#8211; 1<\/figcaption><\/figure>\n\n\n\n<hr class=\"wp-block-separator has-text-color has-luminous-vivid-amber-color has-alpha-channel-opacity has-luminous-vivid-amber-background-color has-background is-style-wide\"\/>\n\n\n\n<h2 class=\"wp-block-heading has-text-color has-link-color has-medium-font-size wp-elements-4\" style=\"color:#2a639f\">GEWINNE EIS F\u00dcR DEIN GANZES KOLLEGIUM<\/h2>\n\n\n\n<p class=\"wp-block-paragraph\">Alle, die im Schuljahr 2025\/26 \u2013 einschlie\u00dflich bis zum 14.06.2026 \u2013 Mitglied bei SALVE werden, nehmen automatisch an der Verlosung teil.<\/p>\n\n\n\n<figure class=\"wp-block-image size-full\"><img loading=\"lazy\" decoding=\"async\" width=\"540\" height=\"675\" src=\"https:\/\/www.teamsalve.at\/wp-content\/uploads\/2026\/05\/SALVE-EIS-Challenge.png\" alt=\"\" class=\"wp-image-3594\" srcset=\"https:\/\/www.teamsalve.at\/wp-content\/uploads\/2026\/05\/SALVE-EIS-Challenge.png 540w, https:\/\/www.teamsalve.at\/wp-content\/uploads\/2026\/05\/SALVE-EIS-Challenge-240x300.png 240w\" sizes=\"auto, (max-width: 540px) 100vw, 540px\" \/><\/figure>\n\n\n\n<hr class=\"wp-block-separator aligncenter has-text-color has-luminous-vivid-amber-color has-alpha-channel-opacity has-luminous-vivid-amber-background-color has-background is-style-wide\"\/>\n\n\n\n<h2 class=\"wp-block-heading has-text-color has-link-color has-medium-font-size wp-elements-5\" style=\"color:#2a639f\"><strong>Mentale Gesundheit und Resilienz f\u00fcr Schule &amp; Alltag&nbsp;<\/strong><\/h2>\n\n\n\n<p class=\"wp-block-paragraph\">Die Mentalakademie Europa begleitet P\u00e4dagog:innen, Schulen und Kinder dabei, mentale Gesundheit, Resilienz und Selbstf\u00fchrung alltagstauglich zu st\u00e4rken.<\/p>\n\n\n\n<p class=\"wp-block-paragraph\">Unsere Schwerpunkte:<br>\u2022 ressourcenorientiertes Arbeiten<br>\u2022 praxisnahe Tools f\u00fcr den Schulalltag<br>\u2022 St\u00e4rkung von Selbstvertrauen, Fokus &amp; emotionaler Balance<br>\u2022 Pr\u00e4vention &amp; Resilienzf\u00f6rderung f\u00fcr Kinder, Jugendliche und Lehrkr\u00e4fte<\/p>\n\n\n\n<p class=\"wp-block-paragraph\">Die Angebote sind zertifiziert, praxisnah aufgebaut und k\u00f6nnen \u2013 je nach Format \u2013 \u00fcber PH, SCHILF oder BVA abgewickelt werden.<\/p>\n\n\n\n<p class=\"wp-block-paragraph\"><strong>Leitung &amp; Trainerin<\/strong><br>Ich bin Cindy Limpl-G\u00f6tzinger, P\u00e4dagogin, Mentaltrainerin und Leiterin der Mentalakademie Europa in Ainring bei Salzburg. <br>Mit viel Herz, Erfahrung und fachlicher Tiefe begleiten wir Menschen und Bildungseinrichtungen dabei, mentale St\u00e4rke nachhaltig, menschlich und lebendig in den Alltag zu integrieren.<\/p>\n\n\n\n<p class=\"wp-block-paragraph\">Unser Ansatz:<br><em>menschlich \u00b7 wertsch\u00e4tzend \u00b7 praxisnah \u00b7 nachhaltig wirksam<\/em><\/p>\n\n\n\n<ul class=\"wp-block-list\">\n<li>Weitere Informationen auf unserer Website: <a href=\"http:\/\/www.mentalakademie-europa.com\">www.mentalakademie-europa.com<\/a><\/li>\n\n\n\n<li>Instagram: @mentalakademie_europa<\/li>\n<\/ul>\n\n\n\n<p class=\"wp-block-paragraph\">Kontaktdaten:&nbsp;Mentalakademie Europa, Rain 1, 83404 Ainring, Tel: 0043-664 437 05 21&nbsp;<\/p>\n\n\n\n<figure class=\"wp-block-image size-full\"><img loading=\"lazy\" decoding=\"async\" width=\"977\" height=\"284\" src=\"https:\/\/www.teamsalve.at\/wp-content\/uploads\/2026\/05\/Logo.jpg\" alt=\"\" class=\"wp-image-3588\" srcset=\"https:\/\/www.teamsalve.at\/wp-content\/uploads\/2026\/05\/Logo.jpg 977w, https:\/\/www.teamsalve.at\/wp-content\/uploads\/2026\/05\/Logo-300x87.jpg 300w, https:\/\/www.teamsalve.at\/wp-content\/uploads\/2026\/05\/Logo-768x223.jpg 768w\" sizes=\"auto, (max-width: 977px) 100vw, 977px\" \/><\/figure>\n\n\n\n<hr class=\"wp-block-separator has-alpha-channel-opacity has-luminous-vivid-amber-to-luminous-vivid-orange-gradient-background has-background is-style-wide\"\/>\n\n\n\n<hr class=\"wp-block-separator aligncenter has-alpha-channel-opacity is-style-wide\"\/>\n\n\n\n<p class=\"wp-block-paragraph\"><strong>SALVE \u2013 der einzige parteifreie <a href=\"https:\/\/1dd2d597-9b8a-4bd1-b6d6-461eb628a94c.filesusr.com\/ugd\/f2475a_e283abe277964976aa8db0f52da859d3.pdf\" target=\"_blank\" rel=\"noreferrer noopener\">Lehrer:innenverein in Salzburg!<\/a><\/strong><\/p>\n\n\n\n<figure class=\"wp-block-image size-large\"><img loading=\"lazy\" decoding=\"async\" width=\"1024\" height=\"140\" src=\"https:\/\/www.teamsalve.at\/wp-content\/uploads\/2025\/12\/LOGO-NEU-SALVE-PFG-1024x140.jpg\" alt=\"\" class=\"wp-image-1756\" srcset=\"https:\/\/www.teamsalve.at\/wp-content\/uploads\/2025\/12\/LOGO-NEU-SALVE-PFG-1024x140.jpg 1024w, https:\/\/www.teamsalve.at\/wp-content\/uploads\/2025\/12\/LOGO-NEU-SALVE-PFG-300x41.jpg 300w, https:\/\/www.teamsalve.at\/wp-content\/uploads\/2025\/12\/LOGO-NEU-SALVE-PFG-768x105.jpg 768w, https:\/\/www.teamsalve.at\/wp-content\/uploads\/2025\/12\/LOGO-NEU-SALVE-PFG.jpg 1272w\" sizes=\"auto, (max-width: 1024px) 100vw, 1024px\" \/><\/figure>\n","protected":false},"excerpt":{"rendered":"<p>Von der Leistungsfeststellung zur Leistungsbeurteilung Das Team SALVE-PFG hat eine informative \u00dcbersicht zur Leistungsbeurteilung f\u00fcr dich erstellt.Nachfolgend kannst du dir die Info anschauen, ausdrucken und auch gerne im Konfernzzimmer aufh\u00e4ngen: &hellip; <\/p>\n","protected":false},"author":2,"featured_media":0,"comment_status":"closed","ping_status":"closed","sticky":false,"template":"","format":"standard","meta":{"footnotes":""},"categories":[37],"tags":[],"class_list":["post-3563","post","type-post","status-publish","format-standard","hentry","category-salve-pfg-newsletter"],"_links":{"self":[{"href":"https:\/\/www.teamsalve.at\/index.php?rest_route=\/wp\/v2\/posts\/3563","targetHints":{"allow":["GET"]}}],"collection":[{"href":"https:\/\/www.teamsalve.at\/index.php?rest_route=\/wp\/v2\/posts"}],"about":[{"href":"https:\/\/www.teamsalve.at\/index.php?rest_route=\/wp\/v2\/types\/post"}],"author":[{"embeddable":true,"href":"https:\/\/www.teamsalve.at\/index.php?rest_route=\/wp\/v2\/users\/2"}],"replies":[{"embeddable":true,"href":"https:\/\/www.teamsalve.at\/index.php?rest_route=%2Fwp%2Fv2%2Fcomments&post=3563"}],"version-history":[{"count":18,"href":"https:\/\/www.teamsalve.at\/index.php?rest_route=\/wp\/v2\/posts\/3563\/revisions"}],"predecessor-version":[{"id":3598,"href":"https:\/\/www.teamsalve.at\/index.php?rest_route=\/wp\/v2\/posts\/3563\/revisions\/3598"}],"wp:attachment":[{"href":"https:\/\/www.teamsalve.at\/index.php?rest_route=%2Fwp%2Fv2%2Fmedia&parent=3563"}],"wp:term":[{"taxonomy":"category","embeddable":true,"href":"https:\/\/www.teamsalve.at\/index.php?rest_route=%2Fwp%2Fv2%2Fcategories&post=3563"},{"taxonomy":"post_tag","embeddable":true,"href":"https:\/\/www.teamsalve.at\/index.php?rest_route=%2Fwp%2Fv2%2Ftags&post=3563"}],"curies":[{"name":"wp","href":"https:\/\/api.w.org\/{rel}","templated":true}]}}