{"id":3454,"date":"2026-05-13T13:41:34","date_gmt":"2026-05-13T11:41:34","guid":{"rendered":"https:\/\/www.teamsalve.at\/?p=3454"},"modified":"2026-05-13T16:14:51","modified_gmt":"2026-05-13T14:14:51","slug":"team-salve-pfg-newsletter-nr-33-vom-13-05-2026","status":"publish","type":"post","link":"https:\/\/www.teamsalve.at\/?p=3454","title":{"rendered":"Team SALVE-PFG Newsletter Nr. 33 vom 13.05.2026"},"content":{"rendered":"\n<hr class=\"wp-block-separator has-text-color has-alpha-channel-opacity has-background is-style-wide\" style=\"background-color:#ec973c;color:#ec973c\"\/>\n\n\n\n<h2 class=\"wp-block-heading has-text-color has-link-color has-medium-font-size wp-elements-1\" style=\"color:#2a639f\"><strong>Weiterbildungszeit <\/strong><\/h2>\n\n\n\n<p class=\"has-black-color has-text-color has-link-color wp-elements-2 wp-block-paragraph\" style=\"font-size:17px\">Die aktuellen Regelungen zur Weiterbildungszeit (vormals Bildungskarenz) sehen vor, dass der Dienstgeber ab einem bestimmten Einkommen 15 % der Weiterbildungsbeihilfe \u00fcbernehmen muss. Der Bildungsdirektion steht derzeit jedoch kein Budget zur Verf\u00fcgung, um diesen Anteil zu finanzieren.<\/p>\n\n\n\n<p class=\"has-black-color has-text-color has-link-color wp-elements-3 wp-block-paragraph\" style=\"font-size:17px\">Wir haben uns daher direkt an die zust\u00e4ndige Landesr\u00e4tin und Pr\u00e4sidentin der Bildungsdirektion, Frau Mag. Gutschi, gewandt und um eine entsprechende L\u00f6sung ersucht.<br>Wir hoffen auf eine baldige und positive R\u00fcckmeldung, da die Planungen f\u00fcr das kommende Schuljahr bereits in vollem Gange sind.<br><\/p>\n\n\n\n<hr class=\"wp-block-separator has-text-color has-luminous-vivid-amber-color has-alpha-channel-opacity has-luminous-vivid-amber-background-color has-background is-style-wide\"\/>\n\n\n\n<h2 class=\"wp-block-heading has-text-color has-link-color has-medium-font-size wp-elements-4\" style=\"color:#2a639f\"><strong><strong>Dienstmailadresse<\/strong><\/strong>:  @bildung.gv.at             neuer Login seit 01.04.2026<\/h2>\n\n\n\n<p class=\"wp-block-paragraph\" style=\"font-size:17px\">Das Abrufen der Dienstmail \u00fcber das Serviceportal https:\/\/service.gv.at ist seit 01.04.2026 nicht mehr m\u00f6glich.<br>Die Anmeldung zur Dienstmailadresse @<a href=\"http:\/\/bildung.gv.at\" target=\"_blank\" rel=\"noreferrer noopener\">bildung.gv.at<\/a> wurde von ID-Austria auf Benutzername und Passwort umgestellt.<br><u>Die genaue Anleitung zur Umstellung findest du<\/u><strong><u> <a href=\"https:\/\/www.teamsalve.at\/wp-content\/uploads\/2026\/05\/2026-04-01Anleitung-Dienstmailadresse-NEU-1.pdf\">HIER<\/a>.<\/u><\/strong><\/p>\n\n\n\n<p class=\"wp-block-paragraph\"><\/p>\n\n\n\n<hr class=\"wp-block-separator has-text-color has-luminous-vivid-amber-color has-alpha-channel-opacity has-luminous-vivid-amber-background-color has-background is-style-wide\"\/>\n\n\n\n<h2 class=\"wp-block-heading has-text-color has-link-color has-medium-font-size wp-elements-5\" style=\"color:#2a639f\">Deaktivierung der (alten) dienstlichen E-Mail-Adresse     @aps.salzburg.at<\/h2>\n\n\n\n<p class=\"wp-block-paragraph\">Die alten dienstlichen E-Mail-Adressen @aps.salzburg.at und damit verbundene Dienste<br>(OneNote, OneDrive, Teams, und dergleichen) werden ab 18.05.2026 schultypenweise<br>deaktiviert und sind danach nicht mehr verf\u00fcgbar.<br><br>Deaktivierungstermine:<br>18.05.2026 \u2013 alle Mittelschulen<br>25.05.2026 \u2013 alle Sonderschulen und PTS<br>01.06.2026 \u2013 Volksschulen (Schulnamen Abersee \u2013 Kuchl)<br>08.06.2026 \u2013 Volksschulen (Schulnamen Lamprechtshausen \u2013 Zell am See)<\/p>\n\n\n\n<p class=\"wp-block-paragraph\"><a href=\"https:\/\/www.teamsalve.at\/wp-content\/uploads\/2026\/05\/2026-04-23-Rundschreiben_Nr._10_2026_-_Schulbrief_zur_Deaktivierung_der_dienstlichen_E-Mail-Adressen_aps.s.pdf\" data-type=\"link\" data-id=\"https:\/\/www.teamsalve.at\/wp-content\/uploads\/2026\/05\/2026-04-23-Rundschreiben_Nr._10_2026_-_Schulbrief_zur_Deaktivierung_der_dienstlichen_E-Mail-Adressen_aps.s.pdf\">HIER <\/a>findest du das Rundschreiben mit genauen Details zur Deaktivierung.<\/p>\n\n\n\n<hr class=\"wp-block-separator aligncenter has-text-color has-luminous-vivid-amber-color has-alpha-channel-opacity has-luminous-vivid-amber-background-color has-background is-style-wide\"\/>\n\n\n\n<h2 class=\"wp-block-heading has-text-color has-link-color has-medium-font-size wp-elements-6\" style=\"color:#2a639f\">Jubil\u00e4umsfest 50 Jahre Musikmittelschulen in Salzburg<\/h2>\n\n\n\n<p class=\"wp-block-paragraph\">Am 13.05.2026 fand in Salzburg das Jubil\u00e4umsfest \u201e50 Jahre Musikmittelschulen in Salzburg\u201c statt. Die zehn Musikmittelschulen im Bundesland feierten dieses besondere Jubil\u00e4um gemeinsam mit einem gro\u00dfen Konzert in der Universit\u00e4ts-Aula. Den Besucherinnen und Besuchern wurde dabei ein abwechslungsreiches Programm geboten. Im Anschluss zog ein eindrucksvoller Umzug mit \u00fcber 800 Sch\u00fclerinnen und Sch\u00fclern durch die Salzburger Altstadt und sorgte bei den zahlreichen Zaung\u00e4sten bei strahlendem Sonnenschein f\u00fcr gro\u00dfe Freude. <strong>Ein gro\u00dfer Dank gilt allen Beteiligten, die \u00fcber viele Jahre hinweg gro\u00dfartige Arbeit leisten und mit viel Engagement die Musikmittelschulen pr\u00e4gen. Das beeindruckende Ergebnis dieser Arbeit wurde an diesem Tag eindrucksvoll pr\u00e4sentiert.<\/strong><\/p>\n\n\n\n<figure class=\"wp-block-image size-large\"><img loading=\"lazy\" decoding=\"async\" width=\"683\" height=\"1024\" src=\"https:\/\/www.teamsalve.at\/wp-content\/uploads\/2026\/05\/Creme-Braun-Verspielt-Foto-Natur-Vision-Foto-Collage-3-683x1024.png\" alt=\"\" class=\"wp-image-3515\" srcset=\"https:\/\/www.teamsalve.at\/wp-content\/uploads\/2026\/05\/Creme-Braun-Verspielt-Foto-Natur-Vision-Foto-Collage-3-683x1024.png 683w, https:\/\/www.teamsalve.at\/wp-content\/uploads\/2026\/05\/Creme-Braun-Verspielt-Foto-Natur-Vision-Foto-Collage-3-200x300.png 200w, https:\/\/www.teamsalve.at\/wp-content\/uploads\/2026\/05\/Creme-Braun-Verspielt-Foto-Natur-Vision-Foto-Collage-3-768x1152.png 768w, https:\/\/www.teamsalve.at\/wp-content\/uploads\/2026\/05\/Creme-Braun-Verspielt-Foto-Natur-Vision-Foto-Collage-3-1024x1536.png 1024w, https:\/\/www.teamsalve.at\/wp-content\/uploads\/2026\/05\/Creme-Braun-Verspielt-Foto-Natur-Vision-Foto-Collage-3.png 1167w\" sizes=\"auto, (max-width: 683px) 100vw, 683px\" \/><\/figure>\n\n\n\n<hr class=\"wp-block-separator has-alpha-channel-opacity has-luminous-vivid-amber-to-luminous-vivid-orange-gradient-background has-background is-style-wide\"\/>\n\n\n\n<hr class=\"wp-block-separator aligncenter has-alpha-channel-opacity is-style-wide\"\/>\n\n\n\n<p class=\"wp-block-paragraph\"><strong>SALVE \u2013 der einzige parteifreie <a href=\"https:\/\/1dd2d597-9b8a-4bd1-b6d6-461eb628a94c.filesusr.com\/ugd\/f2475a_e283abe277964976aa8db0f52da859d3.pdf\" target=\"_blank\" rel=\"noreferrer noopener\">Lehrer:innenverein in Salzburg!<\/a><\/strong><\/p>\n\n\n\n<figure class=\"wp-block-image size-large\"><img loading=\"lazy\" decoding=\"async\" width=\"1024\" height=\"140\" src=\"https:\/\/www.teamsalve.at\/wp-content\/uploads\/2025\/12\/LOGO-NEU-SALVE-PFG-1024x140.jpg\" alt=\"\" class=\"wp-image-1756\" srcset=\"https:\/\/www.teamsalve.at\/wp-content\/uploads\/2025\/12\/LOGO-NEU-SALVE-PFG-1024x140.jpg 1024w, https:\/\/www.teamsalve.at\/wp-content\/uploads\/2025\/12\/LOGO-NEU-SALVE-PFG-300x41.jpg 300w, https:\/\/www.teamsalve.at\/wp-content\/uploads\/2025\/12\/LOGO-NEU-SALVE-PFG-768x105.jpg 768w, https:\/\/www.teamsalve.at\/wp-content\/uploads\/2025\/12\/LOGO-NEU-SALVE-PFG.jpg 1272w\" sizes=\"auto, (max-width: 1024px) 100vw, 1024px\" \/><\/figure>\n","protected":false},"excerpt":{"rendered":"<p>Weiterbildungszeit Die aktuellen Regelungen zur Weiterbildungszeit (vormals Bildungskarenz) sehen vor, dass der Dienstgeber ab einem bestimmten Einkommen 15 % der Weiterbildungsbeihilfe \u00fcbernehmen muss. Der Bildungsdirektion steht derzeit jedoch kein Budget &hellip; <\/p>\n","protected":false},"author":2,"featured_media":0,"comment_status":"closed","ping_status":"closed","sticky":false,"template":"","format":"standard","meta":{"footnotes":""},"categories":[37],"tags":[],"class_list":["post-3454","post","type-post","status-publish","format-standard","hentry","category-salve-pfg-newsletter"],"_links":{"self":[{"href":"https:\/\/www.teamsalve.at\/index.php?rest_route=\/wp\/v2\/posts\/3454","targetHints":{"allow":["GET"]}}],"collection":[{"href":"https:\/\/www.teamsalve.at\/index.php?rest_route=\/wp\/v2\/posts"}],"about":[{"href":"https:\/\/www.teamsalve.at\/index.php?rest_route=\/wp\/v2\/types\/post"}],"author":[{"embeddable":true,"href":"https:\/\/www.teamsalve.at\/index.php?rest_route=\/wp\/v2\/users\/2"}],"replies":[{"embeddable":true,"href":"https:\/\/www.teamsalve.at\/index.php?rest_route=%2Fwp%2Fv2%2Fcomments&post=3454"}],"version-history":[{"count":14,"href":"https:\/\/www.teamsalve.at\/index.php?rest_route=\/wp\/v2\/posts\/3454\/revisions"}],"predecessor-version":[{"id":3518,"href":"https:\/\/www.teamsalve.at\/index.php?rest_route=\/wp\/v2\/posts\/3454\/revisions\/3518"}],"wp:attachment":[{"href":"https:\/\/www.teamsalve.at\/index.php?rest_route=%2Fwp%2Fv2%2Fmedia&parent=3454"}],"wp:term":[{"taxonomy":"category","embeddable":true,"href":"https:\/\/www.teamsalve.at\/index.php?rest_route=%2Fwp%2Fv2%2Fcategories&post=3454"},{"taxonomy":"post_tag","embeddable":true,"href":"https:\/\/www.teamsalve.at\/index.php?rest_route=%2Fwp%2Fv2%2Ftags&post=3454"}],"curies":[{"name":"wp","href":"https:\/\/api.w.org\/{rel}","templated":true}]}}