{"id":3405,"date":"2026-05-07T11:58:36","date_gmt":"2026-05-07T09:58:36","guid":{"rendered":"https:\/\/www.teamsalve.at\/?p=3405"},"modified":"2026-05-07T12:00:11","modified_gmt":"2026-05-07T10:00:11","slug":"team-salve-pfg-newsletter-nr-32-vom-07-05-2026","status":"publish","type":"post","link":"https:\/\/www.teamsalve.at\/?p=3405","title":{"rendered":"Team SALVE-PFG Newsletter Nr. 32 vom 07.05.2026"},"content":{"rendered":"\n<hr class=\"wp-block-separator has-text-color has-luminous-vivid-amber-color has-alpha-channel-opacity has-luminous-vivid-amber-background-color has-background is-style-wide\"\/>\n\n\n\n<p class=\"wp-block-paragraph\"><strong><mark style=\"background-color:rgba(0, 0, 0, 0)\" class=\"has-inline-color has-vivid-cyan-blue-color\">Erhebung der Vordienstzeiten und amtswegige Neufestsetzung der besoldungsrechtlichen Stellung<\/mark><\/strong><br>&#8222;Fall H\u00fctter&#8220; &#8211; Anrechnung der Zeiten vor dem 18. Geburtstag<br><br>Seit kurzem ist das Berechnungstool des Bundes zur Festsetzung der Zeiten vor dem 18. Geburtstag wieder f\u00fcr die Bildungsdirektion verf\u00fcgbar.<\/p>\n\n\n\n<p class=\"wp-block-paragraph\">Bei einer Besprechung mit Herrn Bildungsdirektor HR Mair wurde mitgeteilt, dass noch rund 3.500 Salzburger Pflichtschullehrpersonen in dieser Angelegenheit bearbeitet werden m\u00fcssen. Die Bearbeitung erfolgt nach dem Dienstalter und wird voraussichtlich etwa 3 Jahre und 8 Monate in Anspruch nehmen.<\/p>\n\n\n\n<p class=\"wp-block-paragraph\">Hinweis zum Ablauf: Alle betroffenen Personen werden automatisch angeschrieben. Niemand muss sich aktiv melden.<br>Sobald du ein Schreiben mit deiner Berechnung erh\u00e4ltst, pr\u00fcfe die Angaben und bitte gib allf\u00e4llige \u00c4nderungen bekannt. Anschlie\u00dfend erh\u00e4ltst du einen Bescheid. Ergibt sich eine positive Anrechnung von Tagen und damit eine Nachzahlung, wird diese zun\u00e4chst inklusive der Lohnsteuer ausbezahlt. Nach der Auszahlung erfolgt die steuerliche Verrechnung bzw. Einbehaltung im Rahmen der regul\u00e4ren Abrechnung.<\/p>\n\n\n\n<hr class=\"wp-block-separator has-text-color has-luminous-vivid-amber-color has-alpha-channel-opacity has-luminous-vivid-amber-background-color has-background is-style-wide\"\/>\n\n\n\n<p class=\"wp-block-paragraph\" style=\"text-decoration:none\"><strong><mark style=\"background-color:rgba(0, 0, 0, 0)\" class=\"has-inline-color has-vivid-cyan-blue-color\">Schulhomepage &#8211; rechtliche Regelung<\/mark><\/strong><br><br>Auf unsere Anfrage vom 23.04.2026 erhielten wir diese Antwort der BiDion:<br><br>Die Bildungsdirektionen sind im engen Austausch mit dem Bundesministerium f\u00fcr Bildung; es<br>ist nach wie vor geplant, eine gemeinsame Handreichung f\u00fcr die Schulen im Umgang mit der<br>Gestaltung von Schulwebsites unter Ber\u00fccksichtigung der Judikatur und der Rechtsansicht<br>der Finanzprokuratur zu erarbeiten. Das erste Abstimmungsgespr\u00e4ch dazu hat am<br>22.04.2026 stattgefunden.<br>Die Bildungsdirektionen und das Bundesministerium f\u00fcr Bildung bem\u00fchen sich gemeinsam,<br>den Schulen rasch einen entsprechenden Leitfaden inkl. Kl\u00e4rung rechtlicher Fragestellungen<br>zur Verf\u00fcgung zu stellen. Bis daher ersuchen wir noch um ein wenig Geduld.<br>Mit freundlichen Gr\u00fc\u00dfen<br>Salzburg, 23.04.2026<br>F\u00fcr den Bildungsdirektor:<br>HR Dr. Eva Hofbauer, MBA<\/p>\n\n\n\n<hr class=\"wp-block-separator has-text-color has-luminous-vivid-amber-color has-alpha-channel-opacity has-luminous-vivid-amber-background-color has-background is-style-wide\"\/>\n\n\n\n<p class=\"wp-block-paragraph\"><strong><mark style=\"background-color:rgba(0, 0, 0, 0)\" class=\"has-inline-color has-vivid-cyan-blue-color\">50 Jahre Musikmittelschulen: \u00dcbergabe Gutschein und Presseaussendung SALVE <\/mark><\/strong><\/p>\n\n\n\n<figure class=\"wp-block-image size-large\"><img loading=\"lazy\" decoding=\"async\" width=\"819\" height=\"1024\" src=\"https:\/\/www.teamsalve.at\/wp-content\/uploads\/2026\/05\/2026-05-05-Salve-50-Jahre-1-819x1024.jpg\" alt=\"\" class=\"wp-image-3433\" srcset=\"https:\/\/www.teamsalve.at\/wp-content\/uploads\/2026\/05\/2026-05-05-Salve-50-Jahre-1-819x1024.jpg 819w, https:\/\/www.teamsalve.at\/wp-content\/uploads\/2026\/05\/2026-05-05-Salve-50-Jahre-1-240x300.jpg 240w, https:\/\/www.teamsalve.at\/wp-content\/uploads\/2026\/05\/2026-05-05-Salve-50-Jahre-1-768x960.jpg 768w, https:\/\/www.teamsalve.at\/wp-content\/uploads\/2026\/05\/2026-05-05-Salve-50-Jahre-1.jpg 1080w\" sizes=\"auto, (max-width: 819px) 100vw, 819px\" \/><\/figure>\n\n\n\n<p class=\"wp-block-paragraph\">Unsere Presseaussendung zur 50-Jahre-Jubil\u00e4um der Musikmittelschulen in Salzburg Veranstaltung am 13.05.2026 findest du <a href=\"https:\/\/www.teamsalve.at\/salve-presseaussendung-50-jahre-musikmittelschulen-in-salzburg-ein-erfolgsmodell-feiert-jubilaeum-bildung-und-musik-im-einklang\/\">HIER<\/a>.<\/p>\n\n\n\n<p class=\"wp-block-paragraph\">Das abwechslungsreiche Programm kannst du <a href=\"https:\/\/musikmittelschulen.at\/2026\/jubilaeumsfest-50-jahre-musikmittelschulen-in-salzburg\/\">HIER <\/a>entdecken.<\/p>\n\n\n\n<hr class=\"wp-block-separator has-text-color has-luminous-vivid-amber-color has-alpha-channel-opacity has-luminous-vivid-amber-background-color has-background is-style-wide\"\/>\n\n\n\n<p class=\"wp-block-paragraph\"><strong><mark style=\"background-color:rgba(0, 0, 0, 0)\" class=\"has-inline-color has-vivid-cyan-blue-color\">Reisekostenschulung \u2013 ESS<\/mark><\/strong><br>Wir erhalten viele Anfragen zum Thema <strong>Reisekostenabrechnung<\/strong>. Gerne bieten wir daher die M\u00f6glichkeit an, an einer Schulung an der MS Diakonie teilzunehmen. Es kann daf\u00fcr auch ein Dienstreiseantrag gestellt werden. \u200b<\/p>\n\n\n\n<div class=\"wp-block-group is-nowrap is-layout-flex wp-container-core-group-is-layout-8f761849 wp-block-group-is-layout-flex\">\n<p class=\"wp-block-paragraph\">WO: MS Diakonie (Franz-Hinterholzer-Kai 8, 5020 Salzburg)<br>WANN: Dienstag, 12.05.2026, um 17 Uhr<br>\u200bBei Interesse gerne melden an:&nbsp;<a href=\"mailto:%20markus.wolf@teamsalve.at\">&nbsp;<\/a><a href=\"mailto:markus.wolf@teamsalve.at\">markus.wolf@teamsalve.at<\/a><\/p>\n\n\n\n<figure class=\"wp-block-image size-large is-resized\"><img loading=\"lazy\" decoding=\"async\" width=\"819\" height=\"1024\" src=\"https:\/\/www.teamsalve.at\/wp-content\/uploads\/2026\/04\/2026-05-12-Einladung-Reisekostenabrechnung-Stadt-MS-Diakonie-1-819x1024.jpg\" alt=\"\" class=\"wp-image-3247\" style=\"aspect-ratio:0.7998113752669139;width:344px;height:auto\" srcset=\"https:\/\/www.teamsalve.at\/wp-content\/uploads\/2026\/04\/2026-05-12-Einladung-Reisekostenabrechnung-Stadt-MS-Diakonie-1-819x1024.jpg 819w, https:\/\/www.teamsalve.at\/wp-content\/uploads\/2026\/04\/2026-05-12-Einladung-Reisekostenabrechnung-Stadt-MS-Diakonie-1-240x300.jpg 240w, https:\/\/www.teamsalve.at\/wp-content\/uploads\/2026\/04\/2026-05-12-Einladung-Reisekostenabrechnung-Stadt-MS-Diakonie-1-768x960.jpg 768w, https:\/\/www.teamsalve.at\/wp-content\/uploads\/2026\/04\/2026-05-12-Einladung-Reisekostenabrechnung-Stadt-MS-Diakonie-1-1229x1536.jpg 1229w, https:\/\/www.teamsalve.at\/wp-content\/uploads\/2026\/04\/2026-05-12-Einladung-Reisekostenabrechnung-Stadt-MS-Diakonie-1.jpg 1620w\" sizes=\"auto, (max-width: 819px) 100vw, 819px\" \/><\/figure>\n<\/div>\n\n\n\n<hr class=\"wp-block-separator has-text-color has-luminous-vivid-amber-color has-alpha-channel-opacity has-luminous-vivid-amber-background-color has-background is-style-wide\"\/>\n\n\n\n<p class=\"wp-block-paragraph\"><strong><strong><mark style=\"background-color:rgba(0, 0, 0, 0)\" class=\"has-inline-color has-vivid-cyan-blue-color\">G\u00fcnstige Einkaufsm\u00f6glichkeiten &#8211; Gutscheinportal Corporate Benefits\u00a0<\/mark><\/strong><\/strong><br>Entdecke eine Vielzahl attraktiver Angebote von starken Marken aus allen relevanten<br>Lebensbereichen \u2013 zum Beispiel Technik, Reisen, Mode, Wohnen und vieles mehr. Die Nachl\u00e4sse<br>kannst du in Onlineshops oder auch in Filialen direkt vor Ort einl\u00f6sen.<br>\u00a0<br>Hier die Adresse: \u00a0<a href=\"https:\/\/aps-salzburg.mitarbeiterangebote.at\/\" target=\"_blank\" rel=\"noreferrer noopener\">https:\/\/aps-salzburg.mitarbeiterangebote.at<\/a><br><br>Vor der ersten Verwendung ist eine <strong>einmalige <\/strong>Registrierung mittels Schul-E-Mail-Adresse n\u00f6tig.<br>Hinterlegt wurde die Endung:\u00a0\u00a0\u00a0<strong>@bildung.gv.at<\/strong><br><br>Dann kannst du dich einloggen und sofort attraktive Angebote wahrnehmen.<\/p>\n\n\n\n<p class=\"wp-block-paragraph\">\u200bHinweis: Solltest du an deinem Schulstandort eine andere Emailadresse verwenden,<br>bitte einfach eine Mail an&nbsp;<a href=\"mailto:christine.haslauer@teamsalve.at\">christine.haslauer@teamsalve.at<\/a>&nbsp;senden.<br>Jede Endung kann einfach freigeschaltet werden, die Kollegenschaft kann auch die Plattform nutzen. <\/p>\n\n\n\n<div class=\"wp-block-columns is-layout-flex wp-container-core-columns-is-layout-8f761849 wp-block-columns-is-layout-flex\">\n<div class=\"wp-block-column is-layout-flow wp-block-column-is-layout-flow\">\n<figure class=\"wp-block-image size-large\"><img loading=\"lazy\" decoding=\"async\" width=\"728\" height=\"1024\" src=\"https:\/\/www.teamsalve.at\/wp-content\/uploads\/2026\/05\/2026-05-07aps-salzburg-gardening-print-1-728x1024.jpg\" alt=\"\" class=\"wp-image-3419\" srcset=\"https:\/\/www.teamsalve.at\/wp-content\/uploads\/2026\/05\/2026-05-07aps-salzburg-gardening-print-1-728x1024.jpg 728w, https:\/\/www.teamsalve.at\/wp-content\/uploads\/2026\/05\/2026-05-07aps-salzburg-gardening-print-1-213x300.jpg 213w, https:\/\/www.teamsalve.at\/wp-content\/uploads\/2026\/05\/2026-05-07aps-salzburg-gardening-print-1-768x1080.jpg 768w, https:\/\/www.teamsalve.at\/wp-content\/uploads\/2026\/05\/2026-05-07aps-salzburg-gardening-print-1-1092x1536.jpg 1092w, https:\/\/www.teamsalve.at\/wp-content\/uploads\/2026\/05\/2026-05-07aps-salzburg-gardening-print-1.jpg 1213w\" sizes=\"auto, (max-width: 728px) 100vw, 728px\" \/><\/figure>\n<\/div>\n\n\n\n<div class=\"wp-block-column is-layout-flow wp-block-column-is-layout-flow\">\n<figure class=\"wp-block-image size-large\"><img loading=\"lazy\" decoding=\"async\" width=\"724\" height=\"1024\" src=\"https:\/\/www.teamsalve.at\/wp-content\/uploads\/2026\/05\/2026-05-07_aps-salzburg-austrocard-web-1-724x1024.jpg\" alt=\"\" class=\"wp-image-3418\" srcset=\"https:\/\/www.teamsalve.at\/wp-content\/uploads\/2026\/05\/2026-05-07_aps-salzburg-austrocard-web-1-724x1024.jpg 724w, https:\/\/www.teamsalve.at\/wp-content\/uploads\/2026\/05\/2026-05-07_aps-salzburg-austrocard-web-1-212x300.jpg 212w, https:\/\/www.teamsalve.at\/wp-content\/uploads\/2026\/05\/2026-05-07_aps-salzburg-austrocard-web-1-768x1086.jpg 768w, https:\/\/www.teamsalve.at\/wp-content\/uploads\/2026\/05\/2026-05-07_aps-salzburg-austrocard-web-1-1086x1536.jpg 1086w, https:\/\/www.teamsalve.at\/wp-content\/uploads\/2026\/05\/2026-05-07_aps-salzburg-austrocard-web-1.jpg 1190w\" sizes=\"auto, (max-width: 724px) 100vw, 724px\" \/><\/figure>\n<\/div>\n<\/div>\n\n\n\n<div class=\"wp-block-columns is-layout-flex wp-container-core-columns-is-layout-8f761849 wp-block-columns-is-layout-flex\">\n<div class=\"wp-block-column is-layout-flow wp-block-column-is-layout-flow\" style=\"flex-basis:100%\">\n<hr class=\"wp-block-separator has-text-color has-luminous-vivid-amber-color has-alpha-channel-opacity has-luminous-vivid-amber-background-color has-background is-style-wide\"\/>\n<\/div>\n<\/div>\n\n\n\n<p class=\"wp-block-paragraph\"><strong>SALVE \u2013 der einzige parteifreie <a href=\"https:\/\/1dd2d597-9b8a-4bd1-b6d6-461eb628a94c.filesusr.com\/ugd\/f2475a_e283abe277964976aa8db0f52da859d3.pdf\" target=\"_blank\" rel=\"noreferrer noopener\">Lehrer:innenverein in Salzburg!<\/a><\/strong><\/p>\n\n\n\n<figure class=\"wp-block-image\"><img loading=\"lazy\" decoding=\"async\" width=\"1024\" height=\"140\" src=\"https:\/\/www.teamsalve.at\/wp-content\/uploads\/2025\/12\/LOGO-NEU-SALVE-PFG-1024x140.jpg\" alt=\"\" class=\"wp-image-1756\" srcset=\"https:\/\/www.teamsalve.at\/wp-content\/uploads\/2025\/12\/LOGO-NEU-SALVE-PFG-1024x140.jpg 1024w, https:\/\/www.teamsalve.at\/wp-content\/uploads\/2025\/12\/LOGO-NEU-SALVE-PFG-300x41.jpg 300w, https:\/\/www.teamsalve.at\/wp-content\/uploads\/2025\/12\/LOGO-NEU-SALVE-PFG-768x105.jpg 768w, https:\/\/www.teamsalve.at\/wp-content\/uploads\/2025\/12\/LOGO-NEU-SALVE-PFG.jpg 1272w\" sizes=\"auto, (max-width: 1024px) 100vw, 1024px\" \/><\/figure>\n\n\n\n<hr class=\"wp-block-separator has-alpha-channel-opacity is-style-wide\"\/>\n","protected":false},"excerpt":{"rendered":"<p>Erhebung der Vordienstzeiten und amtswegige Neufestsetzung der besoldungsrechtlichen Stellung&#8222;Fall H\u00fctter&#8220; &#8211; Anrechnung der Zeiten vor dem 18. Geburtstag Seit kurzem ist das Berechnungstool des Bundes zur Festsetzung der Zeiten vor &hellip; <\/p>\n","protected":false},"author":2,"featured_media":3242,"comment_status":"closed","ping_status":"closed","sticky":false,"template":"","format":"standard","meta":{"footnotes":""},"categories":[37],"tags":[],"class_list":["post-3405","post","type-post","status-publish","format-standard","has-post-thumbnail","hentry","category-salve-pfg-newsletter"],"_links":{"self":[{"href":"https:\/\/www.teamsalve.at\/index.php?rest_route=\/wp\/v2\/posts\/3405","targetHints":{"allow":["GET"]}}],"collection":[{"href":"https:\/\/www.teamsalve.at\/index.php?rest_route=\/wp\/v2\/posts"}],"about":[{"href":"https:\/\/www.teamsalve.at\/index.php?rest_route=\/wp\/v2\/types\/post"}],"author":[{"embeddable":true,"href":"https:\/\/www.teamsalve.at\/index.php?rest_route=\/wp\/v2\/users\/2"}],"replies":[{"embeddable":true,"href":"https:\/\/www.teamsalve.at\/index.php?rest_route=%2Fwp%2Fv2%2Fcomments&post=3405"}],"version-history":[{"count":19,"href":"https:\/\/www.teamsalve.at\/index.php?rest_route=\/wp\/v2\/posts\/3405\/revisions"}],"predecessor-version":[{"id":3451,"href":"https:\/\/www.teamsalve.at\/index.php?rest_route=\/wp\/v2\/posts\/3405\/revisions\/3451"}],"wp:featuredmedia":[{"embeddable":true,"href":"https:\/\/www.teamsalve.at\/index.php?rest_route=\/wp\/v2\/media\/3242"}],"wp:attachment":[{"href":"https:\/\/www.teamsalve.at\/index.php?rest_route=%2Fwp%2Fv2%2Fmedia&parent=3405"}],"wp:term":[{"taxonomy":"category","embeddable":true,"href":"https:\/\/www.teamsalve.at\/index.php?rest_route=%2Fwp%2Fv2%2Fcategories&post=3405"},{"taxonomy":"post_tag","embeddable":true,"href":"https:\/\/www.teamsalve.at\/index.php?rest_route=%2Fwp%2Fv2%2Ftags&post=3405"}],"curies":[{"name":"wp","href":"https:\/\/api.w.org\/{rel}","templated":true}]}}