{"id":3290,"date":"2026-04-30T10:23:16","date_gmt":"2026-04-30T08:23:16","guid":{"rendered":"https:\/\/www.teamsalve.at\/?p=3290"},"modified":"2026-05-07T10:57:23","modified_gmt":"2026-05-07T08:57:23","slug":"3290-2","status":"publish","type":"post","link":"https:\/\/www.teamsalve.at\/?p=3290","title":{"rendered":"Team SALVE-PFG Newsletter Nr. 31 vom 30.04.2026"},"content":{"rendered":"\n<hr class=\"wp-block-separator has-text-color has-alpha-channel-opacity has-background is-style-wide\" style=\"background-color:#ec973c;color:#ec973c\"\/>\n\n\n\n<p class=\"wp-block-paragraph\" style=\"font-size:17px\"><strong>Offene Lehrer:innenstellen f\u00fcr das Schuljahr 2026\/27: <\/strong><br><br>Bis 08.05.2026 findest <a href=\"https:\/\/bewerbung.bildung.gv.at\/app\/portal\/#\/app\/bewo\/jobs\">HIER <\/a>den Link f\u00fcr die Hauptausschreibung f\u00fcr den APS Bereich. <br>Derzeit sind 169 Stellen im Bereich der Volksschule, Mittelschule, Sonderschule und PTS ausgeschrieben.<\/p>\n\n\n\n<hr class=\"wp-block-separator has-text-color has-luminous-vivid-amber-color has-alpha-channel-opacity has-luminous-vivid-amber-background-color has-background is-style-wide\"\/>\n\n\n\n<p class=\"wp-block-paragraph\" style=\"font-size:17px\"><strong>Gehaltsfortzahlung \u00fcber Sommerferien 2026 bei befristeten Vertr\u00e4gen<\/strong><br><br>In Zeiten gro\u00dfen Lehrpersonenmangels freut und die Zusage von Frau LR Mag. Gutschi, Pr\u00e4sidentin der Bildungsdirektion sehr, dass alle befristeten Vertr\u00e4ge \u00fcber die Sommerferien 2026 bezahlt werden. Nachfolgend findest du die Nachricht:<\/p>\n\n\n\n<p class=\"has-small-font-size wp-block-paragraph\" style=\"font-style:normal;font-weight:200\">Sehr geehrte Frau Haslauer,<\/p>\n\n\n\n<p class=\"has-small-font-size wp-block-paragraph\" style=\"font-style:normal;font-weight:200\">bezugnehmend auf Ihr Schreiben vom 05. M\u00e4rz 2026 darf ich Ihnen mitteilen, dass auch f\u00fcr das Jahr 2026 alle angestellten Lehrpersonen \u00fcber die Sommerferien weiterbezahlt werden. Bei befristeten Vertr\u00e4gen wird grunds\u00e4tzlich auch \u00fcber die Sommerferien das Gehalt ausbezahlt, sofern der Bedarf vonseiten der Bildungsdirektion weiter gegeben ist. F\u00fcr Sonderf\u00e4lle, beispielsweise bei etwaigen Karenzvertretungen darf ich Sie bitten, direkt mit Frau Mag. Gabriele Sommer-Eiwegger von der Bildungsdirektion in Kontakt zu treten.<\/p>\n\n\n\n<p class=\"has-small-font-size wp-block-paragraph\" style=\"font-style:normal;font-weight:200\">Vielen Dank!<\/p>\n\n\n\n<p class=\"has-small-font-size wp-block-paragraph\" style=\"font-style:normal;font-weight:200\">Mit den besten Gr\u00fc\u00dfen<br>Daniela Gutschi<\/p>\n\n\n\n<p class=\"wp-block-paragraph\">Mag.a Daniela Gutschi<br>Landesr\u00e4tin<\/p>\n\n\n\n<hr class=\"wp-block-separator aligncenter has-text-color has-luminous-vivid-amber-color has-alpha-channel-opacity has-luminous-vivid-amber-background-color has-background is-style-wide\"\/>\n\n\n\n<p class=\"wp-block-paragraph\"><strong>Sch\u00fclerlotsen f\u00fcr das Schuljahr 2026\/2<\/strong>7<\/p>\n\n\n\n<p class=\"wp-block-paragraph\">Sch\u00fclerlotsen leisten im Rahmen ihrer T\u00e4tigkeit einen unverzichtbaren Beitrag zur Schulwegsicherung und Verbesserung der Verkehrssicherheit. Das Bundesland Salzburg liegt mit einer gro\u00dfen Anzahl von Sch\u00fclerlotsen im Verh\u00e4ltnis zu seiner Gr\u00f6\u00dfe an der Spitze der Bundesl\u00e4nder in \u00d6sterreich und das seit Jahrzehnten.<br>Im Bundesland Salzburg sind rund 500 Sch\u00fclerinnen und Sch\u00fcler im Einsatz. Im Durchschnitt versehen Sch\u00fclerlotsen t\u00e4glich zwischen 20 und 30 Minuten \u201eDienst\u201c, auch bei schlechten Wetterverh\u00e4ltnissen und dies ehrenamtlich und unentgeltlich.<\/p>\n\n\n\n<p class=\"wp-block-paragraph\"><strong>Sch\u00fclerlotsen f\u00fcr das n\u00e4chste Schuljahr jetzt im Terminkalender der Bildungsdirektion einmelden.<\/strong><\/p>\n\n\n\n<p class=\"wp-block-paragraph\"><strong>Unbedingt auch die &nbsp;Einverst\u00e4ndniserkl\u00e4rung f\u00fcr den Sch\u00fclerlotsendienst jetzt schon ausf\u00fcllen lassen und mit abgeben.<\/strong><\/p>\n\n\n\n<p class=\"wp-block-paragraph\"><strong>Die Sch\u00fclerlotsen f\u00fcr das n\u00e4chste Schuljahr werden dann von der Polizei geschult.<\/strong><\/p>\n\n\n\n<p class=\"wp-block-paragraph\">F\u00fcr die Teilnahme am Programm bekommt die Schule eine F\u00f6rderung! Damit kanne die Schule dann den Sch\u00fclerInnen ein Dankesch\u00f6n zukommen lassen.<\/p>\n\n\n\n<p class=\"wp-block-paragraph\"><strong>Ansprechperson in der Bildungsdirektion<\/strong><\/p>\n\n\n\n<p class=\"wp-block-paragraph\"><strong>Kontrollorin Christine Lacher<\/strong><br>&nbsp;+43 662 8083-1080<br>&nbsp;<a href=\"mailto:christine.lacher@bildung-sbg.gv.at\">christine.lacher@bildung-sbg.gv.at<\/a><\/p>\n\n\n\n<hr class=\"wp-block-separator has-text-color has-alpha-channel-opacity has-background is-style-wide\" style=\"background-color:#ec973c;color:#ec973c\"\/>\n\n\n\n<p class=\"wp-block-paragraph\"><strong>50 Jahre Musikmittelschulen im Bundesland Salzburg <\/strong><\/p>\n\n\n\n<p class=\"wp-block-paragraph\">Am 13. Mai 2026 findet in Salzburg anl\u00e4sslich eines besonderen Jubil\u00e4ums ein gro\u00dfes Fest statt: Die Musikmittelschulen feiern ihr 50-j\u00e4hriges Bestehen und blicken auf eine beeindruckende Erfolgsgeschichte zur\u00fcck.<br>Nach einem Festakt f\u00fcr und mit den 10 Musikmittelschulen laden ein gemeinsamer Umzug sowie das anschlie\u00dfende Platzsingen in der Salzburger Altstadt zum Mitfeiern ein. <br><a href=\"https:\/\/musikmittelschulen.at\/2026\/jubilaeumsfest-50-jahre-musikmittelschulen-in-salzburg\/\">HIER <\/a>findest du die Information und das tolle Programm.<\/p>\n\n\n\n<figure class=\"wp-block-gallery has-nested-images columns-default is-cropped wp-block-gallery-1 is-layout-flex wp-block-gallery-is-layout-flex\">\n<figure class=\"wp-block-image size-large\"><img loading=\"lazy\" decoding=\"async\" width=\"724\" height=\"1024\" data-id=\"3344\" src=\"https:\/\/www.teamsalve.at\/wp-content\/uploads\/2026\/04\/Flyer-WEB-50-Jahre-MMS-01-002-724x1024.jpeg\" alt=\"\" class=\"wp-image-3344\" srcset=\"https:\/\/www.teamsalve.at\/wp-content\/uploads\/2026\/04\/Flyer-WEB-50-Jahre-MMS-01-002-724x1024.jpeg 724w, https:\/\/www.teamsalve.at\/wp-content\/uploads\/2026\/04\/Flyer-WEB-50-Jahre-MMS-01-002-212x300.jpeg 212w, https:\/\/www.teamsalve.at\/wp-content\/uploads\/2026\/04\/Flyer-WEB-50-Jahre-MMS-01-002-768x1086.jpeg 768w, https:\/\/www.teamsalve.at\/wp-content\/uploads\/2026\/04\/Flyer-WEB-50-Jahre-MMS-01-002.jpeg 905w\" sizes=\"auto, (max-width: 724px) 100vw, 724px\" \/><\/figure>\n\n\n\n<figure class=\"wp-block-image size-large\"><img loading=\"lazy\" decoding=\"async\" width=\"724\" height=\"1024\" data-id=\"3350\" src=\"https:\/\/www.teamsalve.at\/wp-content\/uploads\/2026\/04\/Flyer-WEB-50-Jahre-MMS-02-002-724x1024.jpeg\" alt=\"\" class=\"wp-image-3350\" srcset=\"https:\/\/www.teamsalve.at\/wp-content\/uploads\/2026\/04\/Flyer-WEB-50-Jahre-MMS-02-002-724x1024.jpeg 724w, https:\/\/www.teamsalve.at\/wp-content\/uploads\/2026\/04\/Flyer-WEB-50-Jahre-MMS-02-002-212x300.jpeg 212w, https:\/\/www.teamsalve.at\/wp-content\/uploads\/2026\/04\/Flyer-WEB-50-Jahre-MMS-02-002-768x1086.jpeg 768w, https:\/\/www.teamsalve.at\/wp-content\/uploads\/2026\/04\/Flyer-WEB-50-Jahre-MMS-02-002.jpeg 905w\" sizes=\"auto, (max-width: 724px) 100vw, 724px\" \/><\/figure>\n<\/figure>\n\n\n\n<hr class=\"wp-block-separator has-alpha-channel-opacity has-luminous-vivid-amber-to-luminous-vivid-orange-gradient-background has-background is-style-wide\"\/>\n\n\n\n<p class=\"wp-block-paragraph\"><strong>Almkanalf\u00fchrungen im September 2026 <\/strong><\/p>\n\n\n\n<p class=\"wp-block-paragraph\">Stollenf\u00fchrungen werden immer j\u00e4hrlich in den ersten drei Septemberwochen <br><strong>-von 05.09. bis 24.09.2026<\/strong>&#8211; durchgef\u00fchrt.<br>Zu dieser Zeit ist das gesamte Almkanalsystem f\u00fcr Revisionsarbeiten trocken gelegt (sog. Almabkehr). Buchungen f\u00fcr Schulen nur telefonisch m\u00f6glich, ab Anfang Mai 2026 bis Beginn der Sommerferien von Montag bis Freitag, 12:00 Uhr bis 15:00 Uhr. <br>Kontakt f\u00fcr Reservierungen: 0699\/13790310, Frau Berger.<\/p>\n\n\n\n<p class=\"wp-block-paragraph\">Weitere Informationen findest du <a href=\"https:\/\/stiftsarm.jimdofree.com\/%C3%B6ffnungszeiten-stollenf%C3%BChrungen\/\">HIER<\/a>.<\/p>\n\n\n\n<hr class=\"wp-block-separator aligncenter has-alpha-channel-opacity is-style-wide\"\/>\n\n\n\n<p class=\"wp-block-paragraph\"><strong>SALVE \u2013 der einzige parteifreie <a href=\"https:\/\/1dd2d597-9b8a-4bd1-b6d6-461eb628a94c.filesusr.com\/ugd\/f2475a_e283abe277964976aa8db0f52da859d3.pdf\" target=\"_blank\" rel=\"noreferrer noopener\">Lehrer:innenverein in Salzburg!<\/a><\/strong><\/p>\n\n\n\n<figure class=\"wp-block-image size-large\"><img loading=\"lazy\" decoding=\"async\" width=\"1024\" height=\"140\" src=\"https:\/\/www.teamsalve.at\/wp-content\/uploads\/2025\/12\/LOGO-NEU-SALVE-PFG-1024x140.jpg\" alt=\"\" class=\"wp-image-1756\" srcset=\"https:\/\/www.teamsalve.at\/wp-content\/uploads\/2025\/12\/LOGO-NEU-SALVE-PFG-1024x140.jpg 1024w, https:\/\/www.teamsalve.at\/wp-content\/uploads\/2025\/12\/LOGO-NEU-SALVE-PFG-300x41.jpg 300w, https:\/\/www.teamsalve.at\/wp-content\/uploads\/2025\/12\/LOGO-NEU-SALVE-PFG-768x105.jpg 768w, https:\/\/www.teamsalve.at\/wp-content\/uploads\/2025\/12\/LOGO-NEU-SALVE-PFG.jpg 1272w\" sizes=\"auto, (max-width: 1024px) 100vw, 1024px\" \/><\/figure>\n","protected":false},"excerpt":{"rendered":"<p>Offene Lehrer:innenstellen f\u00fcr das Schuljahr 2026\/27: Bis 08.05.2026 findest HIER den Link f\u00fcr die Hauptausschreibung f\u00fcr den APS Bereich. Derzeit sind 169 Stellen im Bereich der Volksschule, Mittelschule, Sonderschule und &hellip; <\/p>\n","protected":false},"author":5,"featured_media":3242,"comment_status":"closed","ping_status":"closed","sticky":false,"template":"","format":"standard","meta":{"footnotes":""},"categories":[37],"tags":[],"class_list":["post-3290","post","type-post","status-publish","format-standard","has-post-thumbnail","hentry","category-salve-pfg-newsletter"],"_links":{"self":[{"href":"https:\/\/www.teamsalve.at\/index.php?rest_route=\/wp\/v2\/posts\/3290","targetHints":{"allow":["GET"]}}],"collection":[{"href":"https:\/\/www.teamsalve.at\/index.php?rest_route=\/wp\/v2\/posts"}],"about":[{"href":"https:\/\/www.teamsalve.at\/index.php?rest_route=\/wp\/v2\/types\/post"}],"author":[{"embeddable":true,"href":"https:\/\/www.teamsalve.at\/index.php?rest_route=\/wp\/v2\/users\/5"}],"replies":[{"embeddable":true,"href":"https:\/\/www.teamsalve.at\/index.php?rest_route=%2Fwp%2Fv2%2Fcomments&post=3290"}],"version-history":[{"count":45,"href":"https:\/\/www.teamsalve.at\/index.php?rest_route=\/wp\/v2\/posts\/3290\/revisions"}],"predecessor-version":[{"id":3539,"href":"https:\/\/www.teamsalve.at\/index.php?rest_route=\/wp\/v2\/posts\/3290\/revisions\/3539"}],"wp:featuredmedia":[{"embeddable":true,"href":"https:\/\/www.teamsalve.at\/index.php?rest_route=\/wp\/v2\/media\/3242"}],"wp:attachment":[{"href":"https:\/\/www.teamsalve.at\/index.php?rest_route=%2Fwp%2Fv2%2Fmedia&parent=3290"}],"wp:term":[{"taxonomy":"category","embeddable":true,"href":"https:\/\/www.teamsalve.at\/index.php?rest_route=%2Fwp%2Fv2%2Fcategories&post=3290"},{"taxonomy":"post_tag","embeddable":true,"href":"https:\/\/www.teamsalve.at\/index.php?rest_route=%2Fwp%2Fv2%2Ftags&post=3290"}],"curies":[{"name":"wp","href":"https:\/\/api.w.org\/{rel}","templated":true}]}}