{"id":3241,"date":"2026-04-22T14:29:01","date_gmt":"2026-04-22T12:29:01","guid":{"rendered":"https:\/\/www.teamsalve.at\/?p=3241"},"modified":"2026-04-25T15:04:48","modified_gmt":"2026-04-25T13:04:48","slug":"bilungsranking-nein-danke-herr-minister","status":"publish","type":"post","link":"https:\/\/www.teamsalve.at\/?p=3241","title":{"rendered":"SALVE-PFG Presseaussendung: Bilungsranking? Nein, danke, Herr Minister"},"content":{"rendered":"\n<p class=\"wp-block-paragraph\">Salzburg, 15. April 2026<br><br>Herr Bundesminister Wiederkehr k\u00fcndigt an, dass ab dem kommenden Schuljahr die<br>standortbezogenen Ergebnisdaten aus den Kompetenzmessungen (iKMPLUS-Testungen)<br>\u00f6sterreichweit ver\u00f6ffentlicht werden sollen. Dabei ist vorgesehen, die Ergebnisse nicht pauschal<br>zu vergleichen, sondern im jeweiligen sozio\u00f6konomischen Kontext einzuordnen. Schulen sollen<br>somit mit Standorten in vergleichbarer sozialer Lage gegen\u00fcbergestellt werden, um m\u00f6glichst<br>faire und differenzierte Vergleiche zu erm\u00f6glichen.<br>Begr\u00fcndet wird dieses neue Vorgehen damit, dass mehr Transparenz durch die Ver\u00f6ffentlichung<br>dieser Daten Schulen, Eltern und Entscheidungstr\u00e4gern eine fundierte Grundlage f\u00fcr<br>Verbesserungen bieten und notwendige Ver\u00e4nderungen im Bildungssystem vorantreiben.<br>\u201eDie Realit\u00e4t schaut leider anders aus und genau dieses Ranking der einzelnen Schulstandorte<br>wird passieren und zu weiteren Stigmatisierungen von Brennpunktschulen f\u00fchren\u201c, \u00e4rgert sich<br>Toni Polivka von der Lehrergewerkschaft.<br>\u201eSchulen und Lehrpersonen stehen bereits jetzt unter hohem Druck. Eine Ver\u00f6ffentlichung der<br>Messergebnisse w\u00fcrde den Konkurrenzdruck zus\u00e4tzlich verst\u00e4rken und bringt aus unserer Sicht<br>weder f\u00fcr P\u00e4dagog:innen noch f\u00fcr Sch\u00fcler:innen einen echten Mehrwert. Zielf\u00fchrender w\u00e4re es,<br>die gewonnenen Daten gezielt zu nutzen, um konkrete Ma\u00dfnahmen abzuleiten und den Schulen<br>dort Unterst\u00fctzung zukommen zu lassen, wo sie tats\u00e4chlich ben\u00f6tigt wird\u201c, bringt Christine<br>Haslauer, Obfrau des Salzburger Lehrer:innenvereins SALVE, die Problematik auf den Punkt.<br>\u201eWill BM Wiederkehr Schulen unterst\u00fctzen, braucht es ausreichende Ressourcen, mehr<br>Personal und kleinere Klassen \u2013 um nur einige zentrale Ma\u00dfnahmen zu nennen. Ein Schulranking<br>hingegen bringt keinerlei Mehrwert.\u201c, schlie\u00dfen Haslauer und Polivka.<\/p>\n\n\n\n<figure class=\"wp-block-image size-large is-resized\"><img loading=\"lazy\" decoding=\"async\" width=\"683\" height=\"1024\" src=\"https:\/\/www.teamsalve.at\/wp-content\/uploads\/2026\/04\/2026-04-Bild-niedrig-Qualitaet-683x1024.jpg\" alt=\"\" class=\"wp-image-2823\" style=\"aspect-ratio:0.6669871061264973;width:125px;height:auto\" srcset=\"https:\/\/www.teamsalve.at\/wp-content\/uploads\/2026\/04\/2026-04-Bild-niedrig-Qualitaet-683x1024.jpg 683w, https:\/\/www.teamsalve.at\/wp-content\/uploads\/2026\/04\/2026-04-Bild-niedrig-Qualitaet-200x300.jpg 200w, https:\/\/www.teamsalve.at\/wp-content\/uploads\/2026\/04\/2026-04-Bild-niedrig-Qualitaet-768x1152.jpg 768w, https:\/\/www.teamsalve.at\/wp-content\/uploads\/2026\/04\/2026-04-Bild-niedrig-Qualitaet-1024x1536.jpg 1024w, https:\/\/www.teamsalve.at\/wp-content\/uploads\/2026\/04\/2026-04-Bild-niedrig-Qualitaet-1365x2048.jpg 1365w, https:\/\/www.teamsalve.at\/wp-content\/uploads\/2026\/04\/2026-04-Bild-niedrig-Qualitaet-scaled.jpg 1707w\" sizes=\"auto, (max-width: 683px) 100vw, 683px\" \/><\/figure>\n\n\n\n<p class=\"wp-block-paragraph\">Christine HASLAUER<br>Obfrau Salzburger Lehrer:innenverein SALVE<br>+43 664 8284290<br>christine.haslauer@teamsalve.at<\/p>\n\n\n\n<figure class=\"wp-block-image size-large is-resized is-style-rounded\"><img loading=\"lazy\" decoding=\"async\" width=\"1024\" height=\"140\" src=\"https:\/\/www.teamsalve.at\/wp-content\/uploads\/2026\/04\/image-3-1024x140.png\" alt=\"\" class=\"wp-image-3242\" style=\"aspect-ratio:7.315552099533437;width:286px;height:auto\" srcset=\"https:\/\/www.teamsalve.at\/wp-content\/uploads\/2026\/04\/image-3-1024x140.png 1024w, https:\/\/www.teamsalve.at\/wp-content\/uploads\/2026\/04\/image-3-300x41.png 300w, https:\/\/www.teamsalve.at\/wp-content\/uploads\/2026\/04\/image-3-768x105.png 768w, https:\/\/www.teamsalve.at\/wp-content\/uploads\/2026\/04\/image-3.png 1409w\" sizes=\"auto, (max-width: 1024px) 100vw, 1024px\" \/><\/figure>\n\n\n\n<figure class=\"wp-block-image size-large is-resized\"><img loading=\"lazy\" decoding=\"async\" width=\"785\" height=\"1024\" src=\"https:\/\/www.teamsalve.at\/wp-content\/uploads\/2026\/04\/Toni_neu-785x1024.jpg\" alt=\"\" class=\"wp-image-2822\" style=\"aspect-ratio:0.7666069100391134;width:130px;height:auto\" srcset=\"https:\/\/www.teamsalve.at\/wp-content\/uploads\/2026\/04\/Toni_neu-785x1024.jpg 785w, https:\/\/www.teamsalve.at\/wp-content\/uploads\/2026\/04\/Toni_neu-230x300.jpg 230w, https:\/\/www.teamsalve.at\/wp-content\/uploads\/2026\/04\/Toni_neu-768x1002.jpg 768w, https:\/\/www.teamsalve.at\/wp-content\/uploads\/2026\/04\/Toni_neu-1178x1536.jpg 1178w, https:\/\/www.teamsalve.at\/wp-content\/uploads\/2026\/04\/Toni_neu.jpg 1311w\" sizes=\"auto, (max-width: 785px) 100vw, 785px\" \/><\/figure>\n\n\n\n<p class=\"wp-block-paragraph\">Toni POLIVKA<br>PFG Stv. Bundesvorsitzender<br>+43 664 40565002<br>toni.polivka@teamsalve.at<\/p>\n\n\n\n<p class=\"wp-block-paragraph\"><\/p>\n","protected":false},"excerpt":{"rendered":"<p>Salzburg, 15. April 2026 Herr Bundesminister Wiederkehr k\u00fcndigt an, dass ab dem kommenden Schuljahr diestandortbezogenen Ergebnisdaten aus den Kompetenzmessungen (iKMPLUS-Testungen)\u00f6sterreichweit ver\u00f6ffentlicht werden sollen. Dabei ist vorgesehen, die Ergebnisse nicht pauschalzu &hellip; <\/p>\n","protected":false},"author":5,"featured_media":0,"comment_status":"closed","ping_status":"closed","sticky":false,"template":"","format":"standard","meta":{"footnotes":""},"categories":[12],"tags":[],"class_list":["post-3241","post","type-post","status-publish","format-standard","hentry","category-oeffentlichkeitsarbeit"],"_links":{"self":[{"href":"https:\/\/www.teamsalve.at\/index.php?rest_route=\/wp\/v2\/posts\/3241","targetHints":{"allow":["GET"]}}],"collection":[{"href":"https:\/\/www.teamsalve.at\/index.php?rest_route=\/wp\/v2\/posts"}],"about":[{"href":"https:\/\/www.teamsalve.at\/index.php?rest_route=\/wp\/v2\/types\/post"}],"author":[{"embeddable":true,"href":"https:\/\/www.teamsalve.at\/index.php?rest_route=\/wp\/v2\/users\/5"}],"replies":[{"embeddable":true,"href":"https:\/\/www.teamsalve.at\/index.php?rest_route=%2Fwp%2Fv2%2Fcomments&post=3241"}],"version-history":[{"count":2,"href":"https:\/\/www.teamsalve.at\/index.php?rest_route=\/wp\/v2\/posts\/3241\/revisions"}],"predecessor-version":[{"id":3287,"href":"https:\/\/www.teamsalve.at\/index.php?rest_route=\/wp\/v2\/posts\/3241\/revisions\/3287"}],"wp:attachment":[{"href":"https:\/\/www.teamsalve.at\/index.php?rest_route=%2Fwp%2Fv2%2Fmedia&parent=3241"}],"wp:term":[{"taxonomy":"category","embeddable":true,"href":"https:\/\/www.teamsalve.at\/index.php?rest_route=%2Fwp%2Fv2%2Fcategories&post=3241"},{"taxonomy":"post_tag","embeddable":true,"href":"https:\/\/www.teamsalve.at\/index.php?rest_route=%2Fwp%2Fv2%2Ftags&post=3241"}],"curies":[{"name":"wp","href":"https:\/\/api.w.org\/{rel}","templated":true}]}}