{"id":2581,"date":"2026-04-10T10:44:04","date_gmt":"2026-04-10T08:44:04","guid":{"rendered":"https:\/\/www.teamsalve.at\/?p=2581"},"modified":"2026-04-10T10:44:04","modified_gmt":"2026-04-10T08:44:04","slug":"freijahr-sabbatical","status":"publish","type":"post","link":"https:\/\/www.teamsalve.at\/?p=2581","title":{"rendered":"Freijahr (Sabbatical)"},"content":{"rendered":"\n<p class=\"wp-block-paragraph\"><a href=\"https:\/\/www.ris.bka.gv.at\/eli\/bgbl\/1984\/302\/P58d\/NOR40229821?Abfrage=Bundesnormen&amp;Kundmachungsorgan=&amp;Index=&amp;Titel=ldg&amp;Gesetzesnummer=&amp;VonArtikel=&amp;BisArtikel=&amp;VonParagraf=58d&amp;BisParagraf=&amp;VonAnlage=&amp;BisAnlage=&amp;Typ=&amp;Kundmachungsnummer=&amp;Unterzeichnungsdatum=&amp;FassungVom=26.07.2023&amp;VonInkrafttretedatum=&amp;BisInkrafttretedatum=&amp;VonAusserkrafttretedatum=&amp;BisAusserkrafttretedatum=&amp;NormabschnittnummerKombination=Und&amp;ImRisSeitVonDatum=&amp;ImRisSeitBisDatum=&amp;ImRisSeit=Undefined&amp;ImRisSeitForRemotion=Undefined&amp;ResultPageSize=100&amp;Suchworte=&amp;Position=1&amp;SkipToDocumentPage=true&amp;ResultFunctionToken=a9e81777-af80-4459-9af8-ee7648968032\" target=\"_blank\" rel=\"noreferrer noopener\">\u00a7\u00a7&nbsp;58d LDG<\/a>,&nbsp;<a href=\"https:\/\/www.ris.bka.gv.at\/eli\/bgbl\/1948\/86\/P20a\/NOR40230190?Abfrage=Bundesnormen&amp;Kundmachungsorgan=&amp;Index=&amp;Titel=vbg&amp;Gesetzesnummer=&amp;VonArtikel=&amp;BisArtikel=&amp;VonParagraf=20a&amp;BisParagraf=&amp;VonAnlage=&amp;BisAnlage=&amp;Typ=&amp;Kundmachungsnummer=&amp;Unterzeichnungsdatum=&amp;FassungVom=26.07.2023&amp;VonInkrafttretedatum=&amp;BisInkrafttretedatum=&amp;VonAusserkrafttretedatum=&amp;BisAusserkrafttretedatum=&amp;NormabschnittnummerKombination=Und&amp;ImRisSeitVonDatum=&amp;ImRisSeitBisDatum=&amp;ImRisSeit=Undefined&amp;ImRisSeitForRemotion=Undefined&amp;ResultPageSize=100&amp;Suchworte=&amp;Position=1&amp;SkipToDocumentPage=true&amp;ResultFunctionToken=6be19cb2-f9a0-41fc-8c5d-33c1962e8ca7\" target=\"_blank\" rel=\"noreferrer noopener\">20a VBG<\/a><\/p>\n\n\n\n<p class=\"wp-block-paragraph\">\u200bDem Landeslehrer\u00a0<strong>kann\u00a0<\/strong>auf Antrag (es besteht kein Rechtsanspruch) eine Herabsetzung der Lehrverpflichtung mit Freistellung in der Dauer eines Schuljahres in einer Rahmenzeit von zwei, drei, vier oder f\u00fcnf Schuljahren gew\u00e4hrt werden. W\u00e4hrend der \u00fcbrigen Rahmenzeit (Dienstleistungszeit) hat der Landeslehrer den regelm\u00e4\u00dfigen Dienst zu leisten.<\/p>\n\n\n\n<p class=\"wp-block-paragraph\">Die Freistellung darf fr\u00fchestens nach einj\u00e4hriger, im Fall einer f\u00fcnfj\u00e4hrigen Rahmenzeit erst nach einer zweij\u00e4hrigen Dienstleistungszeit erfolgen.<\/p>\n\n\n\n<p class=\"wp-block-paragraph\">\u200b<strong>Voraussetzungen:<\/strong><br>Sabbaticals werden von der Bildungsdirektion Salzburg genehmigt, wenn<\/p>\n\n\n\n<ul class=\"wp-block-list\">\n<li>die Lehrperson anschlie\u00dfend oder zeitnah (bis Dezember des jeweiligen Jahres) in den Ruhestand\/Pension wechselt;<\/li>\n\n\n\n<li>gesundheitliche Gr\u00fcnde angegeben werden. Es muss ein fach\u00e4rztliches Attest (nicht\u00a0im Dienstweg) vorgelegt werden.<\/li>\n<\/ul>\n\n\n\n<p class=\"wp-block-paragraph\">Die Freistellung muss bei Gew\u00e4hrung aus gesundheitlichen Gr\u00fcnden im 2. Schuljahr (bei einer zwei- oder dreij\u00e4hrigen Rahmenzeit) erfolgen.<br>Bei Gew\u00e4hrung eines Sabbaticals vor dem Ruhestand\/Pension muss das Freijahr im letzten Jahr der Rahmenzeit gew\u00e4hlt werden. Anschlie\u00dfend wechselt die Lehrperson zeitnah (bis Ende Dezember des Freijahres) in<br>den Ruhestand\/in die Pension.<br>&nbsp;<\/p>\n\n\n\n<p class=\"wp-block-paragraph\">Abgabetermin: Das Ansuchen ist mittels Formular im Dienstweg zwischen 01.02. und 30.04. des jeweiligen Kalenderjahres einzubringen.<\/p>\n\n\n\n<p class=\"wp-block-paragraph\">\u200bHier der ganze\u00a0<a href=\"https:\/\/06d6e55b-057c-4f68-99e7-2dfbf57f40f2.filesusr.com\/ugd\/f2475a_e7080c3437d34b9f81f271fb6143bcdf.pdf\" target=\"_blank\" rel=\"noreferrer noopener\">Erlass 2.00 Sabbatical.<\/a><\/p>\n\n\n\n<p class=\"wp-block-paragraph\">\u200b<a href=\"https:\/\/06d6e55b-057c-4f68-99e7-2dfbf57f40f2.filesusr.com\/ugd\/f2475a_a2919742c14845838c5b5532fe0c269d.pdf\" target=\"_blank\" rel=\"noreferrer noopener\"><strong>Formular<\/strong><\/a><\/p>\n","protected":false},"excerpt":{"rendered":"<p>\u00a7\u00a7&nbsp;58d LDG,&nbsp;20a VBG \u200bDem Landeslehrer\u00a0kann\u00a0auf Antrag (es besteht kein Rechtsanspruch) eine Herabsetzung der Lehrverpflichtung mit Freistellung in der Dauer eines Schuljahres in einer Rahmenzeit von zwei, drei, vier oder f\u00fcnf &hellip; <\/p>\n","protected":false},"author":5,"featured_media":0,"comment_status":"closed","ping_status":"closed","sticky":false,"template":"","format":"standard","meta":{"footnotes":""},"categories":[13],"tags":[],"class_list":["post-2581","post","type-post","status-publish","format-standard","hentry","category-dienstrechts-abc"],"_links":{"self":[{"href":"https:\/\/www.teamsalve.at\/index.php?rest_route=\/wp\/v2\/posts\/2581","targetHints":{"allow":["GET"]}}],"collection":[{"href":"https:\/\/www.teamsalve.at\/index.php?rest_route=\/wp\/v2\/posts"}],"about":[{"href":"https:\/\/www.teamsalve.at\/index.php?rest_route=\/wp\/v2\/types\/post"}],"author":[{"embeddable":true,"href":"https:\/\/www.teamsalve.at\/index.php?rest_route=\/wp\/v2\/users\/5"}],"replies":[{"embeddable":true,"href":"https:\/\/www.teamsalve.at\/index.php?rest_route=%2Fwp%2Fv2%2Fcomments&post=2581"}],"version-history":[{"count":1,"href":"https:\/\/www.teamsalve.at\/index.php?rest_route=\/wp\/v2\/posts\/2581\/revisions"}],"predecessor-version":[{"id":2582,"href":"https:\/\/www.teamsalve.at\/index.php?rest_route=\/wp\/v2\/posts\/2581\/revisions\/2582"}],"wp:attachment":[{"href":"https:\/\/www.teamsalve.at\/index.php?rest_route=%2Fwp%2Fv2%2Fmedia&parent=2581"}],"wp:term":[{"taxonomy":"category","embeddable":true,"href":"https:\/\/www.teamsalve.at\/index.php?rest_route=%2Fwp%2Fv2%2Fcategories&post=2581"},{"taxonomy":"post_tag","embeddable":true,"href":"https:\/\/www.teamsalve.at\/index.php?rest_route=%2Fwp%2Fv2%2Ftags&post=2581"}],"curies":[{"name":"wp","href":"https:\/\/api.w.org\/{rel}","templated":true}]}}